{"id":9945,"date":"2025-10-24T00:19:37","date_gmt":"2025-10-24T06:19:37","guid":{"rendered":"https:\/\/www.quehacerenyucatan.com.mx\/?p=9945"},"modified":"2025-10-24T00:19:38","modified_gmt":"2025-10-24T06:19:38","slug":"paseo-de-las-animas-2025-en-merida-yucatan","status":"publish","type":"post","link":"https:\/\/www.quehacerenyucatan.com.mx\/?p=9945","title":{"rendered":"Paseo de las \u00c1nimas 2025 en M\u00e9rida, Yucat\u00e1n"},"content":{"rendered":"\n<p>La edici\u00f3n 2025 del Paseo de las \u00c1nimas, parte del Festival de las \u00c1nimas que se celebra en M\u00e9rida entre el 25 de octubre y el 2 de noviembre, se perfila como una de las celebraciones culturales m\u00e1s importantes y esperadas de la temporada.&nbsp;<\/p>\n\n\n\n<p><strong>Fecha y recorrido<\/strong><\/p>\n\n\n\n<ul class=\"wp-block-list\">\n<li>El Paseo de las \u00c1nimas tendr\u00e1 lugar el viernes 31 de octubre, siendo uno de los momentos centrales del festival. \u00a0<\/li>\n\n\n\n<li>El punto de inicio ser\u00e1 el Cementerio General de M\u00e9rida, en Calle 81A x 90, Centro, y culminar\u00e1 en el Parque de San Juan, atravesando el barrio de la Ermita de Santa Isabel. \u00a0<\/li>\n\n\n\n<li>El horario estimado de inicio ronda entre las 8:00 p. m. y 9:00 p. m. seg\u00fan la fuente oficial. \u00a0<\/li>\n<\/ul>\n\n\n\n<p><strong>Ambientaci\u00f3n y novedades<\/strong><\/p>\n\n\n\n<ul class=\"wp-block-list\">\n<li>En 2025 el festival incluye innovaciones como un Portal del Inframundo con proyecciones l\u00e1ser, videomapping en la Ermita de Santa Isabel y decoraci\u00f3n a\u00e9rea en los callejones del recorrido. \u00a0<\/li>\n\n\n\n<li>Durante el recorrido se podr\u00e1n ver altares comunitarios a lo largo del trayecto, participantes caracterizados como \u00e1nimas, catrinas, portando velas y flores, en un ambiente que fusiona la tradici\u00f3n maya con elementos de reconocimiento popular. \u00a0<\/li>\n<\/ul>\n\n\n\n<p><strong>Recomendaciones para asistir<\/strong><\/p>\n\n\n\n<ul class=\"wp-block-list\">\n<li>Se aconseja llegar temprano, idealmente entre las 5:30 y 6:00 p. m., ya que las calles comienzan a cerrarse para el evento. \u00a0<\/li>\n\n\n\n<li>Evita llegar en autom\u00f3vil: muchas v\u00edas se cierran y el tr\u00e1nsito se ve afectado. Mejor optar por transporte p\u00fablico, bicicleta o servicio de aplicaci\u00f3n. \u00a0<\/li>\n\n\n\n<li>Usa ropa y calzado c\u00f3modos, lleva agua y efectivo para puestos locales, y establece un punto de encuentro si vas con acompa\u00f1antes, pues la red celular puede saturarse. \u00a0<\/li>\n<\/ul>\n\n\n\n<p><strong>\u00bfPor qu\u00e9 asistir?<\/strong><\/p>\n\n\n\n<ul class=\"wp-block-list\">\n<li>Es una experiencia cultural y espiritual \u00fanica que manifiesta la tradici\u00f3n del Hanal Pix\u00e1n, la costumbre maya-yucateca de honrar a las \u00e1nimas o difuntos. \u00a0<\/li>\n\n\n\n<li>Atrae tanto a locales como a visitantes, ofreciendo un panorama aut\u00e9ntico de la identidad yucateca \u2014 historia, arte y comunidad se combinan. \u00a0<\/li>\n<\/ul>\n","protected":false},"excerpt":{"rendered":"<p>La edici\u00f3n 2025 del Paseo de las \u00c1nimas, parte del Festival de las \u00c1nimas que se celebra en M\u00e9rida entre el 25 de octubre y el 2 de noviembre, se&hellip; <\/p>\n","protected":false},"author":2,"featured_media":9946,"comment_status":"closed","ping_status":"closed","sticky":false,"template":"","format":"standard","meta":{"_jetpack_memberships_contains_paid_content":false,"footnotes":""},"categories":[430,20],"tags":[],"class_list":["post-9945","post","type-post","status-publish","format-standard","has-post-thumbnail","hentry","category-festividades","category-fiestas_y_tradiciones"],"jetpack_featured_media_url":"https:\/\/www.quehacerenyucatan.com.mx\/wp-content\/uploads\/2025\/10\/IMG_7615.webp","jetpack_sharing_enabled":true,"_links":{"self":[{"href":"https:\/\/www.quehacerenyucatan.com.mx\/index.php?rest_route=\/wp\/v2\/posts\/9945","targetHints":{"allow":["GET"]}}],"collection":[{"href":"https:\/\/www.quehacerenyucatan.com.mx\/index.php?rest_route=\/wp\/v2\/posts"}],"about":[{"href":"https:\/\/www.quehacerenyucatan.com.mx\/index.php?rest_route=\/wp\/v2\/types\/post"}],"author":[{"embeddable":true,"href":"https:\/\/www.quehacerenyucatan.com.mx\/index.php?rest_route=\/wp\/v2\/users\/2"}],"replies":[{"embeddable":true,"href":"https:\/\/www.quehacerenyucatan.com.mx\/index.php?rest_route=%2Fwp%2Fv2%2Fcomments&post=9945"}],"version-history":[{"count":1,"href":"https:\/\/www.quehacerenyucatan.com.mx\/index.php?rest_route=\/wp\/v2\/posts\/9945\/revisions"}],"predecessor-version":[{"id":9947,"href":"https:\/\/www.quehacerenyucatan.com.mx\/index.php?rest_route=\/wp\/v2\/posts\/9945\/revisions\/9947"}],"wp:featuredmedia":[{"embeddable":true,"href":"https:\/\/www.quehacerenyucatan.com.mx\/index.php?rest_route=\/wp\/v2\/media\/9946"}],"wp:attachment":[{"href":"https:\/\/www.quehacerenyucatan.com.mx\/index.php?rest_route=%2Fwp%2Fv2%2Fmedia&parent=9945"}],"wp:term":[{"taxonomy":"category","embeddable":true,"href":"https:\/\/www.quehacerenyucatan.com.mx\/index.php?rest_route=%2Fwp%2Fv2%2Fcategories&post=9945"},{"taxonomy":"post_tag","embeddable":true,"href":"https:\/\/www.quehacerenyucatan.com.mx\/index.php?rest_route=%2Fwp%2Fv2%2Ftags&post=9945"}],"curies":[{"name":"wp","href":"https:\/\/api.w.org\/{rel}","templated":true}]}}