{"id":9942,"date":"2025-10-24T00:17:03","date_gmt":"2025-10-24T06:17:03","guid":{"rendered":"https:\/\/www.quehacerenyucatan.com.mx\/?p=9942"},"modified":"2025-10-24T00:17:03","modified_gmt":"2025-10-24T06:17:03","slug":"las-principales-avenidas-de-merida-historia-modernidad-y-movimiento-urbano","status":"publish","type":"post","link":"https:\/\/www.quehacerenyucatan.com.mx\/?p=9942","title":{"rendered":"Las principales avenidas de M\u00e9rida: historia, modernidad y movimiento urbano"},"content":{"rendered":"\n<p>M\u00e9rida, la capital de Yucat\u00e1n, combina tradici\u00f3n e innovaci\u00f3n en cada una de sus calles, pero son sus avenidas principales las que reflejan el crecimiento y la evoluci\u00f3n de la ciudad. Desde las majestuosas construcciones del pasado hasta las zonas modernas llenas de comercios y residencias, las avenidas de M\u00e9rida cuentan la historia de una ciudad en constante transformaci\u00f3n.<\/p>\n\n\n\n<p>Una de las m\u00e1s emblem\u00e1ticas es el <strong>Paseo de Montejo<\/strong>, considerado el coraz\u00f3n hist\u00f3rico y cultural de M\u00e9rida. Su dise\u00f1o, inspirado en los bulevares europeos, fue creado durante el auge henequenero del siglo XIX, cuando las familias m\u00e1s acaudaladas construyeron lujosas mansiones a lo largo de la v\u00eda. Hoy en d\u00eda, sigue siendo uno de los lugares m\u00e1s visitados por locales y turistas. Caminar por esta avenida permite admirar edificios hist\u00f3ricos, museos, caf\u00e9s, hoteles y el famoso Monumento a la Patria, s\u00edmbolo de identidad yucateca. Los domingos, se convierte en un espacio peatonal durante la \u201cBici Ruta\u201d, que re\u00fane a cientos de personas para disfrutar del aire libre.<\/p>\n\n\n\n<p>Otra avenida importante es la <strong>Andr\u00e9s Garc\u00eda Lav\u00edn<\/strong>, ubicada en la zona norte de la ciudad. Representa el crecimiento moderno y residencial de M\u00e9rida. En sus alrededores se encuentran fraccionamientos de alto nivel como Montebello y San Ram\u00f3n, adem\u00e1s de centros comerciales, restaurantes y edificios de oficinas. Es una de las v\u00edas m\u00e1s transitadas por quienes viven en el norte, ya que conecta directamente con el Anillo Perif\u00e9rico y otras zonas clave de la ciudad. Su infraestructura moderna y su desarrollo urbano reflejan el M\u00e9rida contempor\u00e1neo que contin\u00faa expandi\u00e9ndose hacia el norte.<\/p>\n\n\n\n<p>En contraste, la <strong>Avenida Itz\u00e1es<\/strong> es una de las arterias m\u00e1s antiguas y transitadas de la ciudad. Ubicada cerca del centro hist\u00f3rico, su trazado conecta importantes puntos como hospitales, comercios y zonas habitacionales tradicionales. Es una v\u00eda de gran relevancia para la movilidad urbana, ya que permite desplazarse entre el coraz\u00f3n de M\u00e9rida y el aeropuerto internacional. Su entorno mantiene una mezcla de comercio local y viviendas antiguas, conservando el ambiente cl\u00e1sico que distingue al centro de la ciudad.<\/p>\n\n\n\n<p>Otras avenidas destacadas son la <strong>Avenida Col\u00f3n<\/strong>, que alberga edificios de arquitectura porfiriana y modernos hoteles; la <strong>Avenida 60<\/strong>, que atraviesa el centro y conecta con Paseo de Montejo; y la <strong>Avenida C\u00e1mara de Comercio<\/strong>, eje del crecimiento empresarial y de nuevos desarrollos urbanos.<\/p>\n\n\n\n<p>Cada avenida tiene su propio car\u00e1cter: mientras Paseo de Montejo representa la historia y la elegancia del pasado, Andr\u00e9s Garc\u00eda Lav\u00edn refleja la modernidad y el desarrollo residencial, e Itz\u00e1es muestra la actividad constante de la vida cotidiana meridana. Juntas, forman una red que no solo facilita la movilidad, sino que tambi\u00e9n retrata la diversidad y evoluci\u00f3n de M\u00e9rida como una de las ciudades m\u00e1s din\u00e1micas y atractivas del sureste mexicano.<\/p>\n","protected":false},"excerpt":{"rendered":"<p>M\u00e9rida, la capital de Yucat\u00e1n, combina tradici\u00f3n e innovaci\u00f3n en cada una de sus calles, pero son sus avenidas principales las que reflejan el crecimiento y la evoluci\u00f3n de la&hellip; <\/p>\n","protected":false},"author":2,"featured_media":9943,"comment_status":"closed","ping_status":"closed","sticky":false,"template":"","format":"standard","meta":{"_jetpack_memberships_contains_paid_content":false,"footnotes":""},"categories":[569],"tags":[],"class_list":["post-9942","post","type-post","status-publish","format-standard","has-post-thumbnail","hentry","category-avenidas"],"jetpack_featured_media_url":"https:\/\/www.quehacerenyucatan.com.mx\/wp-content\/uploads\/2025\/10\/IMG_7614.jpeg","jetpack_sharing_enabled":true,"_links":{"self":[{"href":"https:\/\/www.quehacerenyucatan.com.mx\/index.php?rest_route=\/wp\/v2\/posts\/9942","targetHints":{"allow":["GET"]}}],"collection":[{"href":"https:\/\/www.quehacerenyucatan.com.mx\/index.php?rest_route=\/wp\/v2\/posts"}],"about":[{"href":"https:\/\/www.quehacerenyucatan.com.mx\/index.php?rest_route=\/wp\/v2\/types\/post"}],"author":[{"embeddable":true,"href":"https:\/\/www.quehacerenyucatan.com.mx\/index.php?rest_route=\/wp\/v2\/users\/2"}],"replies":[{"embeddable":true,"href":"https:\/\/www.quehacerenyucatan.com.mx\/index.php?rest_route=%2Fwp%2Fv2%2Fcomments&post=9942"}],"version-history":[{"count":1,"href":"https:\/\/www.quehacerenyucatan.com.mx\/index.php?rest_route=\/wp\/v2\/posts\/9942\/revisions"}],"predecessor-version":[{"id":9944,"href":"https:\/\/www.quehacerenyucatan.com.mx\/index.php?rest_route=\/wp\/v2\/posts\/9942\/revisions\/9944"}],"wp:featuredmedia":[{"embeddable":true,"href":"https:\/\/www.quehacerenyucatan.com.mx\/index.php?rest_route=\/wp\/v2\/media\/9943"}],"wp:attachment":[{"href":"https:\/\/www.quehacerenyucatan.com.mx\/index.php?rest_route=%2Fwp%2Fv2%2Fmedia&parent=9942"}],"wp:term":[{"taxonomy":"category","embeddable":true,"href":"https:\/\/www.quehacerenyucatan.com.mx\/index.php?rest_route=%2Fwp%2Fv2%2Fcategories&post=9942"},{"taxonomy":"post_tag","embeddable":true,"href":"https:\/\/www.quehacerenyucatan.com.mx\/index.php?rest_route=%2Fwp%2Fv2%2Ftags&post=9942"}],"curies":[{"name":"wp","href":"https:\/\/api.w.org\/{rel}","templated":true}]}}