{"id":8303,"date":"2025-02-24T02:45:10","date_gmt":"2025-02-24T08:45:10","guid":{"rendered":"https:\/\/www.quehacerenyucatan.com.mx\/?p=8303"},"modified":"2025-02-24T02:45:10","modified_gmt":"2025-02-24T08:45:10","slug":"carnaval-de-merida-2025-artistas-desfiles-horarios-y-transporte-gratuito","status":"publish","type":"post","link":"https:\/\/www.quehacerenyucatan.com.mx\/?p=8303","title":{"rendered":"Carnaval de M\u00e9rida 2025: Artistas, Desfiles, Horarios y Transporte Gratuito"},"content":{"rendered":"\n<p>El Carnaval de M\u00e9rida 2025 est\u00e1 listo para celebrarse del 28 de febrero al 4 de marzo en el recinto ferial de Xmatkuil. Con una cartelera llena de artistas invitados, desfiles tem\u00e1ticos y conciertos espectaculares, se espera que miles de personas disfruten de la fiesta m\u00e1s importante de la ciudad. Adem\u00e1s, se contar\u00e1 con transporte gratuito con rutas especiales para facilitar el acceso al evento.<\/p>\n\n\n\n<p>Eventos Destacados del Carnaval de M\u00e9rida 2025<\/p>\n\n\n\n<p>\u2022 Mi\u00e9rcoles 26 de febrero: Inicia con la tradicional Quema del Mal Humor en los Bajos del Palacio Municipal a las 20:00 horas, seguida del concierto de Mar\u00eda Le\u00f3n y Yahir.<\/p>\n\n\n\n<p>\u2022 Jueves 27 de febrero: Desfile Infantil en el Centro de M\u00e9rida a las 16:00 horas.<\/p>\n\n\n\n<p>\u2022 Viernes 28 de febrero:<\/p>\n\n\n\n<p>\u2022 Inauguraci\u00f3n del Carnaval a las 8:00 horas.<\/p>\n\n\n\n<p>\u2022 Desfile de Corso en Ciudad Carnaval a las 8:30 horas, con la participaci\u00f3n de Wendy Guevara, Poncho De Nigris y Karime Pindter.<\/p>\n\n\n\n<p>\u2022 Conciertos de Los Super Caracoles (22:45 h) y Piso 21 (23:00 h).<\/p>\n\n\n\n<p>\u2022 S\u00e1bado 1 de marzo:<\/p>\n\n\n\n<p>\u2022 Desfile de Fantas\u00eda a las 20:00 horas con Vanessa Claudio y Nicola Porcella.<\/p>\n\n\n\n<p>\u2022 Conciertos de Rub\u00e9n Baeza Jr y Estibent y los Reyes del Sabor (22:30 h) y Yuri (23:00 h).<\/p>\n\n\n\n<p>\u2022 Domingo 2 de marzo:<\/p>\n\n\n\n<p>\u2022 Desfile de Bachata a las 13:00 horas con Marie Claire y Aar\u00f3n Mercury.<\/p>\n\n\n\n<p>\u2022 Conciertos de Paleto (17:00 h) y Grupo Ca\u00f1averal (19:00 h).<\/p>\n\n\n\n<p>\u2022 Lunes 3 de marzo:<\/p>\n\n\n\n<p>\u2022 Desfile Regional a las 19:00 horas con Briggitte Bozzo y Jawy M\u00e9ndez.<\/p>\n\n\n\n<p>\u2022 Concierto de Gabito Ballesteros (23:00 h).<\/p>\n\n\n\n<p>\u2022 Martes 4 de marzo:<\/p>\n\n\n\n<p>\u2022 Desfile de Batalla de Flores a las 13:00 horas con Cry y Jorge Losa.<\/p>\n\n\n\n<p>\u2022 Conciertos de Capitanes de la Cumbia (17:00 h) y Calibre 50 (19:00 h).<\/p>\n\n\n\n<p>Acceso y Boletos<\/p>\n\n\n\n<p>Para los conciertos de Piso 21, Yuri, Grupo Ca\u00f1averal, Gabito Ballesteros y Calibre 50 ser\u00e1 necesario contar con un boleto especial para ingresar al Centro de Espect\u00e1culos Montejo. Sin embargo, el acceso general estar\u00e1 disponible antes del inicio de los eventos.<\/p>\n\n\n\n<p>Transporte Gratuito al Carnaval<\/p>\n\n\n\n<p>El Ayuntamiento de M\u00e9rida ha dispuesto transporte gratuito hacia Ciudad Carnaval con cuatro rutas diferentes, incluyendo una exclusiva para mujeres y menores de edad.<\/p>\n\n\n\n<p>Horarios y Rutas:<\/p>\n\n\n\n<p>Ruta Mujeres Seguras (Desde calle 63 x 62 y 64, junto al Palacio Municipal)<\/p>\n\n\n\n<p>\u2022 Viernes 28 de febrero: 18:00 a 00:00 h<\/p>\n\n\n\n<p>\u2022 S\u00e1bado 1 de marzo: 18:00 a 00:00 h<\/p>\n\n\n\n<p>\u2022 Domingo 2 de marzo: 10:00 a 18:00 h<\/p>\n\n\n\n<p>\u2022 Lunes 3 de marzo: 18:00 a 00:00 h<\/p>\n\n\n\n<p>\u2022 Martes 4 de marzo: 10:00 a 18:00 h<\/p>\n\n\n\n<p>Ruta Centro (Desde el Mercado San Benito)<\/p>\n\n\n\n<p>\u2022 Calle 54 entre 65 y 67, Centro<\/p>\n\n\n\n<p>\u2022 Calle 50 por 107, Colonia Dolores Otero<\/p>\n\n\n\n<p>\u2022 Calle 50 por Perif\u00e9rico<\/p>\n\n\n\n<p>\u2022 Dunosusa Plan de Ayala<\/p>\n\n\n\n<p>\u2022 Descenso: Ciudad Carnaval<\/p>\n\n\n\n<p>Ruta Poniente (Desde Animaya-Canek)<\/p>\n\n\n\n<p>\u2022 Animaya<\/p>\n\n\n\n<p>\u2022 Centro Municipal de Danza<\/p>\n\n\n\n<p>\u2022 Soriana Hiper<\/p>\n\n\n\n<p>\u2022 Av. M\u00e9rida 2000 y Av. Juan Pablo II<\/p>\n\n\n\n<p>\u2022 Oxxo Ciudad Industrial<\/p>\n\n\n\n<p>Ruta Oriente (Desde Macroplaza)<\/p>\n\n\n\n<p>\u2022 Calle 33, Pol\u00edgono Itzimn\u00e1<\/p>\n\n\n\n<p>\u2022 Plaza Patio<\/p>\n\n\n\n<p>\u2022 Plaza Oriente<\/p>\n\n\n\n<p>\u2022 Kukulc\u00e1n<\/p>\n\n\n\n<p>\u2022 Parque Mar\u00eda Luisa<\/p>\n\n\n\n<p>\u2022 IMSS 42<\/p>\n\n\n\n<p>Los horarios de operaci\u00f3n de estas rutas ser\u00e1n:<\/p>\n\n\n\n<p>\u2022 Viernes 28 de febrero: 17:00 a 02:00 h<\/p>\n\n\n\n<p>\u2022 S\u00e1bado 1 de marzo: 17:00 a 02:00 h<\/p>\n\n\n\n<p>\u2022 Domingo 2 de marzo: 09:00 a 00:00 h<\/p>\n\n\n\n<p>\u2022 Lunes 3 de marzo: 17:00 a 02:00 h<\/p>\n\n\n\n<p>\u2022 Martes 4 de marzo: 09:00 a 00:00 h<\/p>\n\n\n\n<p>Con esta log\u00edstica de transporte, una variada cartelera de artistas y la magia de sus desfiles tem\u00e1ticos, el Carnaval de M\u00e9rida 2025 promete ser una celebraci\u00f3n inolvidable.<\/p>\n","protected":false},"excerpt":{"rendered":"<p>El Carnaval de M\u00e9rida 2025 est\u00e1 listo para celebrarse del 28 de febrero al 4 de marzo en el recinto ferial de Xmatkuil. Con una cartelera llena de artistas invitados,&hellip; <\/p>\n","protected":false},"author":1,"featured_media":8304,"comment_status":"closed","ping_status":"closed","sticky":false,"template":"","format":"standard","meta":{"_jetpack_memberships_contains_paid_content":false,"footnotes":""},"categories":[83],"tags":[],"class_list":["post-8303","post","type-post","status-publish","format-standard","has-post-thumbnail","hentry","category-informacion_general_del_estado"],"jetpack_featured_media_url":"https:\/\/www.quehacerenyucatan.com.mx\/wp-content\/uploads\/2025\/02\/IMG_4690.webp","jetpack_sharing_enabled":true,"_links":{"self":[{"href":"https:\/\/www.quehacerenyucatan.com.mx\/index.php?rest_route=\/wp\/v2\/posts\/8303","targetHints":{"allow":["GET"]}}],"collection":[{"href":"https:\/\/www.quehacerenyucatan.com.mx\/index.php?rest_route=\/wp\/v2\/posts"}],"about":[{"href":"https:\/\/www.quehacerenyucatan.com.mx\/index.php?rest_route=\/wp\/v2\/types\/post"}],"author":[{"embeddable":true,"href":"https:\/\/www.quehacerenyucatan.com.mx\/index.php?rest_route=\/wp\/v2\/users\/1"}],"replies":[{"embeddable":true,"href":"https:\/\/www.quehacerenyucatan.com.mx\/index.php?rest_route=%2Fwp%2Fv2%2Fcomments&post=8303"}],"version-history":[{"count":1,"href":"https:\/\/www.quehacerenyucatan.com.mx\/index.php?rest_route=\/wp\/v2\/posts\/8303\/revisions"}],"predecessor-version":[{"id":8305,"href":"https:\/\/www.quehacerenyucatan.com.mx\/index.php?rest_route=\/wp\/v2\/posts\/8303\/revisions\/8305"}],"wp:featuredmedia":[{"embeddable":true,"href":"https:\/\/www.quehacerenyucatan.com.mx\/index.php?rest_route=\/wp\/v2\/media\/8304"}],"wp:attachment":[{"href":"https:\/\/www.quehacerenyucatan.com.mx\/index.php?rest_route=%2Fwp%2Fv2%2Fmedia&parent=8303"}],"wp:term":[{"taxonomy":"category","embeddable":true,"href":"https:\/\/www.quehacerenyucatan.com.mx\/index.php?rest_route=%2Fwp%2Fv2%2Fcategories&post=8303"},{"taxonomy":"post_tag","embeddable":true,"href":"https:\/\/www.quehacerenyucatan.com.mx\/index.php?rest_route=%2Fwp%2Fv2%2Ftags&post=8303"}],"curies":[{"name":"wp","href":"https:\/\/api.w.org\/{rel}","templated":true}]}}