{"id":6918,"date":"2024-07-31T01:54:01","date_gmt":"2024-07-31T06:54:01","guid":{"rendered":"https:\/\/quehacerenyucatan.com.mx\/?p=6918"},"modified":"2024-07-31T14:19:17","modified_gmt":"2024-07-31T19:19:17","slug":"la-plancha-en-merida-y-sus-rutas","status":"publish","type":"post","link":"https:\/\/www.quehacerenyucatan.com.mx\/?p=6918","title":{"rendered":"La Plancha en M\u00e9rida y sus rutas\u00a0"},"content":{"rendered":"\n<p>Miranda Heredia&nbsp;<\/p>\n\n\n\n<p>El Gobernador de Yucat\u00e1n, Mauricio Vila Dosal, ha anunciado con entusiasmo la inauguraci\u00f3n de la nueva ruta del Ie-Tram, que unir\u00e1 el Parque de La Plancha en M\u00e9rida con la estaci\u00f3n del Tren Maya en Um\u00e1n, a partir del pr\u00f3ximo 3 de agosto. Este avance representa un paso importante en la mejora de la infraestructura y el transporte de la regi\u00f3n, con un impacto positivo en la econom\u00eda y el turismo locales.<\/p>\n\n\n\n<p>Fomento a la conectividad y el turismo<\/p>\n\n\n\n<p>Durante su intervenci\u00f3n en la conferencia matutina del presidente Andr\u00e9s Manuel L\u00f3pez Obrador, Vila Dosal subray\u00f3 los beneficios que el Tren Maya ha tra\u00eddo a Yucat\u00e1n. Este proyecto ha sido un motor para la atracci\u00f3n de nuevas inversiones tur\u00edsticas, con m\u00e1s de 300 proyectos en desarrollo. Cabe destacar que el 63% de estas inversiones est\u00e1n ubicadas en el interior del estado, facilitando a los turistas del Tren Maya la exploraci\u00f3n de las riquezas culturales y naturales de la regi\u00f3n, apoyados por una infraestructura tur\u00edstica mejorada.<\/p>\n\n\n\n<p>El Gobernador explic\u00f3 que se ha trabajado arduamente para garantizar que el Ie-Tram no solo conecte con la estaci\u00f3n Teya del Tren Maya, sino tambi\u00e9n con la estaci\u00f3n Um\u00e1n. A partir del 3 de agosto, los pasajeros podr\u00e1n disfrutar de un viaje c\u00f3modo y eficiente desde Um\u00e1n hasta La Plancha, facilitando el acceso a las diversas atracciones de M\u00e9rida.<\/p>\n\n\n\n<p>Transformaci\u00f3n y crecimiento econ\u00f3mico<\/p>\n\n\n\n<p>La integraci\u00f3n del Ie-Tram y el Tren Maya es solo una parte de la transformaci\u00f3n positiva en Yucat\u00e1n. Mauricio Vila Dosal mencion\u00f3 que el Aeropuerto Internacional de M\u00e9rida se ha convertido en el sexto aeropuerto con m\u00e1s llegadas de pasajeros nacionales, lo que indica un claro crecimiento tur\u00edstico. Adem\u00e1s, Yucat\u00e1n ha incrementado su n\u00famero de Pueblos M\u00e1gicos de dos a siete, con el apoyo de la Secretar\u00eda de Turismo Federal, consolid\u00e1ndose como un destino tur\u00edstico de primer nivel.<\/p>\n\n\n\n<p>El a\u00f1o 2023 fue un r\u00e9cord para el turismo en Yucat\u00e1n, con la mayor afluencia de visitantes en su historia. Este logro se complementa con la remodelaci\u00f3n del Centro Hist\u00f3rico de M\u00e9rida, un proyecto de m\u00e1s de 2 mil millones de pesos que abarca desde el Gran Parque de La Plancha hasta la Plaza Grande, revitalizando la zona y ofreciendo a turistas y residentes un espacio moderno y acogedor.<\/p>\n\n\n\n<p>Un futuro prometedor en seguridad y econom\u00eda<\/p>\n\n\n\n<p>En t\u00e9rminos econ\u00f3micos, Yucat\u00e1n ha registrado un crecimiento impresionante del 32% en inversiones durante los \u00faltimos tres a\u00f1os, superando el promedio nacional. Este auge econ\u00f3mico ha llevado al estado a alcanzar el mayor n\u00famero de empleos formales y la mayor inversi\u00f3n extranjera directa en su historia. El Gobernador Vila Dosal destac\u00f3 que \u201choy en Yucat\u00e1n tenemos el salario promedio m\u00e1s alto de nuestra historia\u201d, un logro que tambi\u00e9n ha contribuido a una reducci\u00f3n significativa de la pobreza en el estado.<\/p>\n\n\n\n<p>La seguridad es otro pilar del \u00e9xito de Yucat\u00e1n. Con un aumento del 138% en el presupuesto de la Secretar\u00eda de Seguridad P\u00fablica, se han mejorado las prestaciones y salarios de los polic\u00edas, lo que ha resultado en un descenso del 75% en la incidencia delictiva. Estos esfuerzos han posicionado a Yucat\u00e1n como el estado m\u00e1s seguro de M\u00e9xico, con el menor n\u00famero de homicidios y delitos de alto impacto.<\/p>\n","protected":false},"excerpt":{"rendered":"<p>Miranda Heredia&nbsp; El Gobernador de Yucat\u00e1n, Mauricio Vila Dosal, ha anunciado con entusiasmo la inauguraci\u00f3n de la nueva ruta del Ie-Tram, que unir\u00e1 el Parque de La Plancha en M\u00e9rida&hellip; <\/p>\n","protected":false},"author":1,"featured_media":6921,"comment_status":"closed","ping_status":"closed","sticky":false,"template":"","format":"standard","meta":{"_jetpack_memberships_contains_paid_content":false,"footnotes":""},"categories":[83],"tags":[],"class_list":["post-6918","post","type-post","status-publish","format-standard","has-post-thumbnail","hentry","category-informacion_general_del_estado"],"jetpack_featured_media_url":"https:\/\/www.quehacerenyucatan.com.mx\/wp-content\/uploads\/2024\/07\/download-1.jpg","jetpack_sharing_enabled":true,"_links":{"self":[{"href":"https:\/\/www.quehacerenyucatan.com.mx\/index.php?rest_route=\/wp\/v2\/posts\/6918","targetHints":{"allow":["GET"]}}],"collection":[{"href":"https:\/\/www.quehacerenyucatan.com.mx\/index.php?rest_route=\/wp\/v2\/posts"}],"about":[{"href":"https:\/\/www.quehacerenyucatan.com.mx\/index.php?rest_route=\/wp\/v2\/types\/post"}],"author":[{"embeddable":true,"href":"https:\/\/www.quehacerenyucatan.com.mx\/index.php?rest_route=\/wp\/v2\/users\/1"}],"replies":[{"embeddable":true,"href":"https:\/\/www.quehacerenyucatan.com.mx\/index.php?rest_route=%2Fwp%2Fv2%2Fcomments&post=6918"}],"version-history":[{"count":1,"href":"https:\/\/www.quehacerenyucatan.com.mx\/index.php?rest_route=\/wp\/v2\/posts\/6918\/revisions"}],"predecessor-version":[{"id":6919,"href":"https:\/\/www.quehacerenyucatan.com.mx\/index.php?rest_route=\/wp\/v2\/posts\/6918\/revisions\/6919"}],"wp:featuredmedia":[{"embeddable":true,"href":"https:\/\/www.quehacerenyucatan.com.mx\/index.php?rest_route=\/wp\/v2\/media\/6921"}],"wp:attachment":[{"href":"https:\/\/www.quehacerenyucatan.com.mx\/index.php?rest_route=%2Fwp%2Fv2%2Fmedia&parent=6918"}],"wp:term":[{"taxonomy":"category","embeddable":true,"href":"https:\/\/www.quehacerenyucatan.com.mx\/index.php?rest_route=%2Fwp%2Fv2%2Fcategories&post=6918"},{"taxonomy":"post_tag","embeddable":true,"href":"https:\/\/www.quehacerenyucatan.com.mx\/index.php?rest_route=%2Fwp%2Fv2%2Ftags&post=6918"}],"curies":[{"name":"wp","href":"https:\/\/api.w.org\/{rel}","templated":true}]}}