{"id":6242,"date":"2023-03-23T13:30:07","date_gmt":"2023-03-23T19:30:07","guid":{"rendered":"https:\/\/quehacerenyucatan.com.mx\/?p=6242"},"modified":"2024-03-22T13:50:51","modified_gmt":"2024-03-22T19:50:51","slug":"el-equinoccio-en-dzibilchaltun","status":"publish","type":"post","link":"https:\/\/www.quehacerenyucatan.com.mx\/?p=6242","title":{"rendered":"El equinoccio en Dzibilchalt\u00fan."},"content":{"rendered":"\n<p><strong>Hermosa postal de Kinich Ahau en el Templo de las 7 Mu\u00f1ecas-<\/strong><\/p>\n\n\n\n<p><strong><br><\/strong>Tuvieron que pasar tres largos a\u00f1os para que, nuevamente, turistas de todos los \u00e1mbitos pudieran disfrutar manera presencial el equinoccio de Primavera que se manifiesta con el paso del Sol por el Templo de las Siete Mu\u00f1ecas en la zona arqueol\u00f3gica de Dzibilchalt\u00fan.<br>Como se sabe, el \u00faltimo equinoccio en el que hubo asistentes fue en 2019, ya que en 2020 y 2022 estuvo cerrado como medida de seguridad sanitaria, consecuencia de la pandemia que gener\u00f3 el Covid-19, y en 2022 por una protesta que ocasion\u00f3 el cierre del parador y del sitio.<br>Pero los inconvenientes quedaron atr\u00e1s y hoy cuando el reloj marcaba las 6 horas, la multitud que acudi\u00f3 desde las 4:30 de la madrugada, prepar\u00f3 sus c\u00e1maras y sus celulares para captar el hermoso momento que representa el fen\u00f3meno arqueo-astron\u00f3mico de este sitio, reflejo de la gran sabidur\u00eda de nuestros ancestros, que, afortunadamente, se dej\u00f3 ver con todo su esplendor.<\/p>\n\n\n\n<p><br>Le emoci\u00f3n se hizo evidente y las expresiones de j\u00fabilo tambi\u00e9n: era el momento de recargar energ\u00edas positivas y as\u00ed lo hicieron cuando el Templo de las Siete Mu\u00f1ecas se ilumin\u00f3 con el resplandor del Sol que apareci\u00f3 en el horizonte y, en un momento dado, el disco celeste qued\u00f3 al centro de la puerta, generando el espect\u00e1culo de luz y sombra en la fachada poniente de esa estructura.<br>De acuerdo con datos del personal del parador tur\u00edstico que administra Cultur, entre ayer y hoy la fluencia fue de 1,500 personas -300 y 1,300, respectivamente- de las cuales el 60% fue turismo nacional, 20% internacional y 20% local.<br>&nbsp;El director de Cultur, Mauricio D\u00edaz Montalvo, inform\u00f3 que todo sali\u00f3 conforme a lo planeado y la jornada se desarroll\u00f3 sin contratiempos y con saldo blanco.<br>-S\u00f3lo tuvimos el reporte de que a una se\u00f1ora se le dobl\u00f3 el pie cuando caminaba, lo cual es normal dadas las condiciones del terreno pedregoso, pero nada grave -explic\u00f3.<br>\u00abNos sentimos muy contentos de que luego de varios a\u00f1os, por fin hoy fue posible que la gente haya podido acudir a este espect\u00e1culo natural, que cada vez que los vemos nos hace pensar en la valiosa herencia que nos dejaron los mayas\u00bb, dijo.<\/p>\n\n\n\n<p><br>Ya por la tarde de hoy mismo, agreg\u00f3, si las condiciones clim\u00e1ticas nos lo permiten, estaremos disfrutando del equinoccio de Chich\u00e9n Itz\u00e1 que, como todos saben consiste en el descenso del Dios Kukulk\u00e1n o Serpiente Emplumada desde lo alto del castillo de Chich\u00e9n Itz\u00e1, una de las 7 maravillas del mundo contempor\u00e1neo &#8211;<\/p>\n\n\n\n<p><br>-Esperamos que nos puedan acompa\u00f1ar&#8230; \u00a1Algo que a todos nos dejar\u00e1 encantados! -concluy\u00f3.<\/p>\n","protected":false},"excerpt":{"rendered":"<p>Hermosa postal de Kinich Ahau en el Templo de las 7 Mu\u00f1ecas- Tuvieron que pasar tres largos a\u00f1os para que, nuevamente, turistas de todos los \u00e1mbitos pudieran disfrutar manera presencial&hellip; <\/p>\n","protected":false},"author":1,"featured_media":6801,"comment_status":"closed","ping_status":"closed","sticky":false,"template":"","format":"standard","meta":{"_jetpack_memberships_contains_paid_content":false,"footnotes":""},"categories":[11],"tags":[],"class_list":["post-6242","post","type-post","status-publish","format-standard","has-post-thumbnail","hentry","category-zonas_arqueologicas"],"jetpack_featured_media_url":"https:\/\/www.quehacerenyucatan.com.mx\/wp-content\/uploads\/2023\/03\/IMAGEN_NOTA_20230321101613_JTH6D.jpg","jetpack_sharing_enabled":true,"_links":{"self":[{"href":"https:\/\/www.quehacerenyucatan.com.mx\/index.php?rest_route=\/wp\/v2\/posts\/6242","targetHints":{"allow":["GET"]}}],"collection":[{"href":"https:\/\/www.quehacerenyucatan.com.mx\/index.php?rest_route=\/wp\/v2\/posts"}],"about":[{"href":"https:\/\/www.quehacerenyucatan.com.mx\/index.php?rest_route=\/wp\/v2\/types\/post"}],"author":[{"embeddable":true,"href":"https:\/\/www.quehacerenyucatan.com.mx\/index.php?rest_route=\/wp\/v2\/users\/1"}],"replies":[{"embeddable":true,"href":"https:\/\/www.quehacerenyucatan.com.mx\/index.php?rest_route=%2Fwp%2Fv2%2Fcomments&post=6242"}],"version-history":[{"count":3,"href":"https:\/\/www.quehacerenyucatan.com.mx\/index.php?rest_route=\/wp\/v2\/posts\/6242\/revisions"}],"predecessor-version":[{"id":6803,"href":"https:\/\/www.quehacerenyucatan.com.mx\/index.php?rest_route=\/wp\/v2\/posts\/6242\/revisions\/6803"}],"wp:featuredmedia":[{"embeddable":true,"href":"https:\/\/www.quehacerenyucatan.com.mx\/index.php?rest_route=\/wp\/v2\/media\/6801"}],"wp:attachment":[{"href":"https:\/\/www.quehacerenyucatan.com.mx\/index.php?rest_route=%2Fwp%2Fv2%2Fmedia&parent=6242"}],"wp:term":[{"taxonomy":"category","embeddable":true,"href":"https:\/\/www.quehacerenyucatan.com.mx\/index.php?rest_route=%2Fwp%2Fv2%2Fcategories&post=6242"},{"taxonomy":"post_tag","embeddable":true,"href":"https:\/\/www.quehacerenyucatan.com.mx\/index.php?rest_route=%2Fwp%2Fv2%2Ftags&post=6242"}],"curies":[{"name":"wp","href":"https:\/\/api.w.org\/{rel}","templated":true}]}}