{"id":3797,"date":"2022-01-13T22:01:50","date_gmt":"2022-01-13T17:01:50","guid":{"rendered":"https:\/\/quehacerenyucatan.com.mx\/?p=3797"},"modified":"2022-01-13T22:01:54","modified_gmt":"2022-01-13T17:01:54","slug":"trova-yucateca","status":"publish","type":"post","link":"https:\/\/www.quehacerenyucatan.com.mx\/?p=3797","title":{"rendered":"Trova Yucateca"},"content":{"rendered":"\n<p>La canci\u00f3n es una de las manifestaciones de mayor genuinidad del alma yucateca, expresi\u00f3n que tiene la particularidad de ser t\u00edpicamente criolla. Particularidad de la canci\u00f3n yucateca es la hermosura y correcci\u00f3n literaria de su texto. El conjunto musical consagrado al acompa\u00f1amiento de la canci\u00f3n vern\u00e1cula, consta de cinco instrumentos: dos guitarras requintas, dos guitarras sextas espa\u00f1olas y un guitarr\u00f3n.<\/p>\n\n\n\n<p>La historia trovera de Yucat\u00e1n se inicia en el \u00faltimo tercio del siglo XIX, con Cirilo Baqueiro Preve, Chan Cil (1848-1910), violinista e inspirado trovador y compositor de variados temas rom\u00e1nticos y festivos, a quien se reconoce como el padre de la canci\u00f3n yucateca por su fecunda producci\u00f3n musical que abarca romanzas, valses, habaneras, mazurcas y festivas guarachas.<\/p>\n\n\n\n<p>Despu\u00e9s, la canci\u00f3n vern\u00e1cula yucateca alcanza plena identidad, y desde luego, reconocimiento nacional e internacional, en los a\u00f1os veinte del siglo pasado, llamado con acierto \u00e9poca de ordo de la Canci\u00f3n Yucateca, por las invaluables aportaciones musicales de Ricardo Palmer\u00edn (1887-1944), Pepe Dom\u00ednguez (1900-1950) y Guty C\u00e1rdenas (1905-1932).<\/p>\n\n\n\n<figure class=\"wp-block-jetpack-image-compare\"><div class=\"juxtapose\" data-mode=\"horizontal\"><img decoding=\"async\" id=\"3805\" src=\"https:\/\/www.quehacerenyucatan.com.mx\/wp-content\/uploads\/2022\/01\/Trovadores_1928-2.jpg\" alt=\"\" width=\"904\" height=\"774\" class=\"image-compare__image-before\"\/><img decoding=\"async\" id=\"3806\" src=\"https:\/\/www.quehacerenyucatan.com.mx\/wp-content\/uploads\/2022\/01\/guia-17-3.jpg\" alt=\"\" width=\"1200\" height=\"687\" class=\"image-compare__image-after\"\/><\/div><\/figure>\n\n\n\n<p>Estos compositores contaron con el aval po\u00e9tico de Luis Rosado Vega (1873-1958), Ermilo Padr\u00f3n L\u00f3pez (1898-1978), Ricardo L\u00f3pez M\u00e9ndez (1903-1989) y otros grandes de su tiempo, para dar vida a hermosas canciones de magn\u00edfica factura que despertaron inter\u00e9s en los grandes centros de difusi\u00f3n musical: M\u00e9xico, La Habana y Nueva York. Y desde esos puntos de propagaron, a trav\u00e9s de grabaciones discogr\u00e1ficas, a toda la Am\u00e9rica Latina.<\/p>\n\n\n\n<p>En este per\u00edodo, precisamente, se consolidan la clave y el bolero, originarios de la isla de Cuba, y el bambuco, originario de Colombia y tra\u00eddo a Yucat\u00e1n en 1908 por el dueto de Pel\u00f3n y Mar\u00edn.<\/p>\n\n\n\n<p>La segunda mitad del siglo XX se caracteriza por las valiosas composiciones de Pastor Cervera (1915-2001), que borda sus temas mel\u00f3dicos, a partir de 1954, en los ritmos tradicionales de bolero, clave, capricho y bambuco, como lo hicieron los grandes que le antecedieron, pero con un novedoso y eficaz texto po\u00e9tico de su propia inspiraci\u00f3n, en la gran mayor\u00eda de sus canciones.<\/p>\n\n\n\n<p>Y, definitivamente, el prestigio cancioneril de Yucat\u00e1n se universaliza, a partir de la d\u00e9cada de los sesentas, con la aparici\u00f3n del exitoso cantautor Armando Manzanero (1935). Sin duda, el m\u00e1s prol\u00edfico y difundido compositor mexicano de nuestro tiempo y una de sus m\u00e1s notorias figuras internacionales, quien tiene por leg\u00edtimo orgullo haber nacido en M\u00e9rida y en un hogar en el que la trova y la jarana tradicionales ocuparon siempre un lugar preferente en su vida cotidiana.<\/p>\n","protected":false},"excerpt":{"rendered":"<p>La canci\u00f3n es una de las manifestaciones de mayor genuinidad del alma yucateca, expresi\u00f3n que tiene la particularidad de ser t\u00edpicamente criolla. Particularidad de la canci\u00f3n yucateca es la hermosura&hellip; <\/p>\n","protected":false},"author":2,"featured_media":3807,"comment_status":"open","ping_status":"closed","sticky":false,"template":"","format":"standard","meta":{"_jetpack_memberships_contains_paid_content":false,"footnotes":""},"categories":[423],"tags":[],"class_list":["post-3797","post","type-post","status-publish","format-standard","has-post-thumbnail","hentry","category-cultura"],"jetpack_featured_media_url":"https:\/\/www.quehacerenyucatan.com.mx\/wp-content\/uploads\/2022\/01\/alborada-2.jpg","jetpack_sharing_enabled":true,"_links":{"self":[{"href":"https:\/\/www.quehacerenyucatan.com.mx\/index.php?rest_route=\/wp\/v2\/posts\/3797","targetHints":{"allow":["GET"]}}],"collection":[{"href":"https:\/\/www.quehacerenyucatan.com.mx\/index.php?rest_route=\/wp\/v2\/posts"}],"about":[{"href":"https:\/\/www.quehacerenyucatan.com.mx\/index.php?rest_route=\/wp\/v2\/types\/post"}],"author":[{"embeddable":true,"href":"https:\/\/www.quehacerenyucatan.com.mx\/index.php?rest_route=\/wp\/v2\/users\/2"}],"replies":[{"embeddable":true,"href":"https:\/\/www.quehacerenyucatan.com.mx\/index.php?rest_route=%2Fwp%2Fv2%2Fcomments&post=3797"}],"version-history":[{"count":1,"href":"https:\/\/www.quehacerenyucatan.com.mx\/index.php?rest_route=\/wp\/v2\/posts\/3797\/revisions"}],"predecessor-version":[{"id":3808,"href":"https:\/\/www.quehacerenyucatan.com.mx\/index.php?rest_route=\/wp\/v2\/posts\/3797\/revisions\/3808"}],"wp:featuredmedia":[{"embeddable":true,"href":"https:\/\/www.quehacerenyucatan.com.mx\/index.php?rest_route=\/wp\/v2\/media\/3807"}],"wp:attachment":[{"href":"https:\/\/www.quehacerenyucatan.com.mx\/index.php?rest_route=%2Fwp%2Fv2%2Fmedia&parent=3797"}],"wp:term":[{"taxonomy":"category","embeddable":true,"href":"https:\/\/www.quehacerenyucatan.com.mx\/index.php?rest_route=%2Fwp%2Fv2%2Fcategories&post=3797"},{"taxonomy":"post_tag","embeddable":true,"href":"https:\/\/www.quehacerenyucatan.com.mx\/index.php?rest_route=%2Fwp%2Fv2%2Ftags&post=3797"}],"curies":[{"name":"wp","href":"https:\/\/api.w.org\/{rel}","templated":true}]}}