{"id":3500,"date":"2022-12-08T05:52:00","date_gmt":"2022-12-08T00:52:00","guid":{"rendered":"https:\/\/quehacerenyucatan.com.mx\/?p=3500"},"modified":"2023-02-20T06:28:06","modified_gmt":"2023-02-20T01:28:06","slug":"barrio-de-san-cristobal","status":"publish","type":"post","link":"https:\/\/www.quehacerenyucatan.com.mx\/?p=3500","title":{"rendered":"Barrio de San Crist\u00f3bal"},"content":{"rendered":"\n<figure class=\"wp-block-image size-full is-resized\"><img decoding=\"async\" data-src=\"https:\/\/www.quehacerenyucatan.com.mx\/wp-content\/uploads\/2022\/12\/f1280x720-60749_192424_5050.jpg\" alt=\"\" class=\"wp-image-6160 lazyload\" width=\"521\" height=\"293\" src=\"data:image\/svg+xml;base64,PHN2ZyB3aWR0aD0iMSIgaGVpZ2h0PSIxIiB4bWxucz0iaHR0cDovL3d3dy53My5vcmcvMjAwMC9zdmciPjwvc3ZnPg==\" style=\"--smush-placeholder-width: 521px; --smush-placeholder-aspect-ratio: 521\/293;\" \/><\/figure>\n\n\n\n<p>Junto con la&nbsp;Ermita de Santa Isabel, el&nbsp;Barrio de Santiago,&nbsp;Barrio de Santa Ana, el&nbsp;Barrio de San Sebasti\u00e1n, el&nbsp;Barrio de San Juan&nbsp;y el&nbsp;Barrio de la Mejorada, marcaba los l\u00edmites de la M\u00e9rida destinada a la poblaci\u00f3n de blancos o seleccionada por los blancos durante la \u00e9poca colonial.<\/p>\n\n\n\n<p>En la actualidad el barrio de San Crist\u00f3bal es uno de los m\u00e1s representativos de la ciudad al ser su tradicional parroquia sede de los festejos a la&nbsp;Virgen de Guadalupe.<\/p>\n\n\n\n<p>Es el barrio m\u00e1s grande en dimensiones y el m\u00e1s habitado del Centro Hist\u00f3rico, lo que lo dota de una gran vitalidad comunitaria que se manifiesta durante los festejos anuales religiosos, que congregan a pr\u00e1cticamente a toda su poblaci\u00f3n y que inciden en el resto de la capital yucateca.<\/p>\n\n\n\n<h2 class=\"has-text-align-center wp-block-heading\">HISTORIA:<\/h2>\n\n\n\n<p>San Crist\u00f3bal fue en sus or\u00edgenes poblado por blancos y por mexicanos o tlaxcaltecas, tra\u00eddos como apoyo a la conquista de&nbsp;Francisco de Montejo&nbsp;y despu\u00e9s, conforme se fue desarrollando la poblaci\u00f3n, por criollos. Estos indios a quienes se destin\u00f3 originalmente el barrio gozaban de ciertas prerrogativas por su participaci\u00f3n en la conquista, como la de no pagar tributos. Tal derecho les fue quitado, sin embargo, al poco tiempo por el&nbsp;gobernador Diego Quijada&nbsp;y aunque ellos protestaron no lograron recuperar la canonj\u00eda.<\/p>\n\n\n\n<p>A cinco cuadras de la Plaza Principal, sobre uno de los cerros que hab\u00eda en&nbsp;T&#8217;H\u00f3, en donde se hab\u00eda instalado el barrio de San Crist\u00f3bal, fue establecido poco tiempo despu\u00e9s de culminada la conquista, un gran convento de la&nbsp;orden de San Francisco. Este sitio hab\u00eda sido seleccionado por el fundador de M\u00e9rida, Francisco de Montejo, el mozo, para construir un fuerte que defendiera a la ciudad de posibles ataques de los ind\u00edgenas mayas. M\u00e1s tarde en,&nbsp;1669, en la administraci\u00f3n del&nbsp;gobernador&nbsp;Rodrigo Flores de Aldana, los espa\u00f1oles llevaron al cabo el proyecto de Montejo y construyeronn el fuerte de San Benito encerrando en sus gruesos muros al convento grande de los franciscanos.<\/p>\n\n\n\n<p>Al principio, se establecieron tres puertas, una de ellas para los militares, otra para los cl\u00e9rigos y una m\u00e1s para la administraci\u00f3n de la parroquia, pero al poco tiempo los militares aduciendo motivos de seguridad tapiaron dos de las puertas forzando la entrada de todos por la \u00fanica puerta que qued\u00f3 en uso. La misma puerta tuvieron que usar los habitantes del barrio y los indios que pertenec\u00edan a la parroquia de San Crist\u00f3bal. Tal situaci\u00f3n prevaleci\u00f3 hasta muy entrado el&nbsp;siglo XVIII.\u200b<\/p>\n\n\n\n<p>Hacia fines de la \u00e9poca colonial en los albores del&nbsp;siglo XIX, ya se hab\u00edan asentado en el barrio muchos criollos y a finales del siglo, un buen porcentaje de la&nbsp;sirio-libanesa&nbsp;que se dio en la&nbsp;Pen\u00ednsula de Yucat\u00e1n, encontr\u00f3 ah\u00ed lugar adecuado para establecer su vivienda y sus negocios. A principios del&nbsp;siglo XX, ya bajo el gobierno de&nbsp;Olegario Molina Sol\u00eds, las calles del barrio fueron adoquinadas y se acondicion\u00f3 el parque con bancas y jardiner\u00eda, siendo formalmente inaugurado para el centenario de la&nbsp;independencia de M\u00e9xico&nbsp;el&nbsp;5 de mayo&nbsp;de&nbsp;1910.<\/p>\n\n\n\n<h2 class=\"has-text-align-center wp-block-heading\">Iglesia de  San Cristobal:<\/h2>\n\n\n\n<p>La iglesia actual (Santuario Guadalupano), que se ubica en la calle 50, esquina con la 69, es uno de los atractivos del barrio y del Centro Hist\u00f3rico de&nbsp;<a href=\"https:\/\/es.wikipedia.org\/wiki\/M%C3%A9rida_(M%C3%A9xico)\">M<\/a>\u00e9<a href=\"https:\/\/es.wikipedia.org\/wiki\/M%C3%A9rida_(M%C3%A9xico)\">rida<\/a>.<\/p>\n\n\n\n<p>La parroquia fue construida en el \u00faltimo tercio del siglo XVIII, interviniendo en su construcci\u00f3n los&nbsp;Obispos Ignacio de Padilla y Estrada y Fr. Luis de Pi\u00f1a y Mazo.<\/p>\n\n\n\n<p>Don&nbsp;Gonzalo C\u00e1mara Zavala, en su libro \u201cCat\u00e1logo Hist\u00f3rico de M\u00e9rida\u201d, menciona que una de las caracter\u00edsticas de esta parroquia es su gran concha que corona la portada central, la cual es \u00fanica en las iglesias de M\u00e9rida y le da un bello aspecto.<\/p>\n","protected":false},"excerpt":{"rendered":"<p>Junto con la&nbsp;Ermita de Santa Isabel, el&nbsp;Barrio de Santiago,&nbsp;Barrio de Santa Ana, el&nbsp;Barrio de San Sebasti\u00e1n, el&nbsp;Barrio de San Juan&nbsp;y el&nbsp;Barrio de la Mejorada, marcaba los l\u00edmites de la M\u00e9rida&hellip; <\/p>\n","protected":false},"author":1,"featured_media":5890,"comment_status":"open","ping_status":"closed","sticky":true,"template":"","format":"standard","meta":{"_jetpack_memberships_contains_paid_content":false,"footnotes":""},"categories":[1595,315],"tags":[],"class_list":["post-3500","post","type-post","status-publish","format-standard","has-post-thumbnail","hentry","category-barrios","category-barrios-de-merida"],"jetpack_featured_media_url":"https:\/\/www.quehacerenyucatan.com.mx\/wp-content\/uploads\/2021\/12\/15662284223519.jpg","jetpack_sharing_enabled":true,"_links":{"self":[{"href":"https:\/\/www.quehacerenyucatan.com.mx\/index.php?rest_route=\/wp\/v2\/posts\/3500","targetHints":{"allow":["GET"]}}],"collection":[{"href":"https:\/\/www.quehacerenyucatan.com.mx\/index.php?rest_route=\/wp\/v2\/posts"}],"about":[{"href":"https:\/\/www.quehacerenyucatan.com.mx\/index.php?rest_route=\/wp\/v2\/types\/post"}],"author":[{"embeddable":true,"href":"https:\/\/www.quehacerenyucatan.com.mx\/index.php?rest_route=\/wp\/v2\/users\/1"}],"replies":[{"embeddable":true,"href":"https:\/\/www.quehacerenyucatan.com.mx\/index.php?rest_route=%2Fwp%2Fv2%2Fcomments&post=3500"}],"version-history":[{"count":4,"href":"https:\/\/www.quehacerenyucatan.com.mx\/index.php?rest_route=\/wp\/v2\/posts\/3500\/revisions"}],"predecessor-version":[{"id":6162,"href":"https:\/\/www.quehacerenyucatan.com.mx\/index.php?rest_route=\/wp\/v2\/posts\/3500\/revisions\/6162"}],"wp:featuredmedia":[{"embeddable":true,"href":"https:\/\/www.quehacerenyucatan.com.mx\/index.php?rest_route=\/wp\/v2\/media\/5890"}],"wp:attachment":[{"href":"https:\/\/www.quehacerenyucatan.com.mx\/index.php?rest_route=%2Fwp%2Fv2%2Fmedia&parent=3500"}],"wp:term":[{"taxonomy":"category","embeddable":true,"href":"https:\/\/www.quehacerenyucatan.com.mx\/index.php?rest_route=%2Fwp%2Fv2%2Fcategories&post=3500"},{"taxonomy":"post_tag","embeddable":true,"href":"https:\/\/www.quehacerenyucatan.com.mx\/index.php?rest_route=%2Fwp%2Fv2%2Ftags&post=3500"}],"curies":[{"name":"wp","href":"https:\/\/api.w.org\/{rel}","templated":true}]}}