{"id":2578,"date":"2022-11-18T05:24:00","date_gmt":"2022-11-18T00:24:00","guid":{"rendered":"https:\/\/quehacerenyucatan.com.mx\/?p=2578"},"modified":"2022-11-18T11:16:57","modified_gmt":"2022-11-18T06:16:57","slug":"barrio-de-san-juan","status":"publish","type":"post","link":"https:\/\/www.quehacerenyucatan.com.mx\/?p=2578","title":{"rendered":"Barrio de San Juan"},"content":{"rendered":"\n<p>Iglesia y Parque de San Juan \u2013 Fue construida<br>entre 1769 y 1770. <\/p>\n\n\n\n<figure class=\"wp-block-image\"><img decoding=\"async\" data-src=\"https:\/\/www.meridadeyucatan.com\/wp-content\/uploads\/2013\/04\/San-Juan.jpg\" alt=\"EL BARRIO DE SAN JUAN, M\u00c9RIDA, YUCAT\u00c1N - meridadeyucatan.com\" src=\"data:image\/svg+xml;base64,PHN2ZyB3aWR0aD0iMSIgaGVpZ2h0PSIxIiB4bWxucz0iaHR0cDovL3d3dy53My5vcmcvMjAwMC9zdmciPjwvc3ZnPg==\" class=\"lazyload\" \/><\/figure>\n\n\n\n<p>En su interior resalta la fuente<br>de \u201cLa negrita\u201d, tra\u00edda desde Par\u00eds a principios<br>del siglo XX.<\/p>\n\n\n\n<figure class=\"wp-block-image\"><img decoding=\"async\" data-src=\"http:\/\/www.explore.mx\/wp-content\/uploads\/2020\/01\/negrita-san-juan-portada.png\" alt=\"La negrita de San Juan - Revista Explore\" src=\"data:image\/svg+xml;base64,PHN2ZyB3aWR0aD0iMSIgaGVpZ2h0PSIxIiB4bWxucz0iaHR0cDovL3d3dy53My5vcmcvMjAwMC9zdmciPjwvc3ZnPg==\" class=\"lazyload\" \/><\/figure>\n\n\n\n<p><br>Arco de San Juan &#8211; Al igual que los otros arcos de<br>la ciudad, fue construido alrededor de 1690 para<br>delimitar los l\u00edmites de M\u00e9rida. \u00c9ste es el de<br>mayores dimensiones.<\/p>\n\n\n\n<figure class=\"wp-block-image\"><img decoding=\"async\" data-src=\"https:\/\/media-cdn.tripadvisor.com\/media\/photo-s\/12\/3d\/3a\/82\/arco-de-san-juan.jpg\" alt=\"Los 10 mejores hoteles cerca de Arco De San Juan, M\u00e9rida - Tripadvisor\" src=\"data:image\/svg+xml;base64,PHN2ZyB3aWR0aD0iMSIgaGVpZ2h0PSIxIiB4bWxucz0iaHR0cDovL3d3dy53My5vcmcvMjAwMC9zdmciPjwvc3ZnPg==\" class=\"lazyload\" \/><\/figure>\n","protected":false},"excerpt":{"rendered":"<p>Iglesia y Parque de San Juan \u2013 Fue construidaentre 1769 y 1770. En su interior resalta la fuentede \u201cLa negrita\u201d, tra\u00edda desde Par\u00eds a principiosdel siglo XX. Arco de San&hellip; <\/p>\n","protected":false},"author":1,"featured_media":5706,"comment_status":"open","ping_status":"closed","sticky":false,"template":"","format":"standard","meta":{"_jetpack_memberships_contains_paid_content":false,"footnotes":""},"categories":[1595],"tags":[],"class_list":["post-2578","post","type-post","status-publish","format-standard","has-post-thumbnail","hentry","category-barrios"],"jetpack_featured_media_url":"https:\/\/www.quehacerenyucatan.com.mx\/wp-content\/uploads\/2022\/11\/san-juan.jpg","jetpack_sharing_enabled":true,"_links":{"self":[{"href":"https:\/\/www.quehacerenyucatan.com.mx\/index.php?rest_route=\/wp\/v2\/posts\/2578","targetHints":{"allow":["GET"]}}],"collection":[{"href":"https:\/\/www.quehacerenyucatan.com.mx\/index.php?rest_route=\/wp\/v2\/posts"}],"about":[{"href":"https:\/\/www.quehacerenyucatan.com.mx\/index.php?rest_route=\/wp\/v2\/types\/post"}],"author":[{"embeddable":true,"href":"https:\/\/www.quehacerenyucatan.com.mx\/index.php?rest_route=\/wp\/v2\/users\/1"}],"replies":[{"embeddable":true,"href":"https:\/\/www.quehacerenyucatan.com.mx\/index.php?rest_route=%2Fwp%2Fv2%2Fcomments&post=2578"}],"version-history":[{"count":1,"href":"https:\/\/www.quehacerenyucatan.com.mx\/index.php?rest_route=\/wp\/v2\/posts\/2578\/revisions"}],"predecessor-version":[{"id":2583,"href":"https:\/\/www.quehacerenyucatan.com.mx\/index.php?rest_route=\/wp\/v2\/posts\/2578\/revisions\/2583"}],"wp:featuredmedia":[{"embeddable":true,"href":"https:\/\/www.quehacerenyucatan.com.mx\/index.php?rest_route=\/wp\/v2\/media\/5706"}],"wp:attachment":[{"href":"https:\/\/www.quehacerenyucatan.com.mx\/index.php?rest_route=%2Fwp%2Fv2%2Fmedia&parent=2578"}],"wp:term":[{"taxonomy":"category","embeddable":true,"href":"https:\/\/www.quehacerenyucatan.com.mx\/index.php?rest_route=%2Fwp%2Fv2%2Fcategories&post=2578"},{"taxonomy":"post_tag","embeddable":true,"href":"https:\/\/www.quehacerenyucatan.com.mx\/index.php?rest_route=%2Fwp%2Fv2%2Ftags&post=2578"}],"curies":[{"name":"wp","href":"https:\/\/api.w.org\/{rel}","templated":true}]}}