{"id":2413,"date":"2022-12-12T04:45:00","date_gmt":"2022-12-11T23:45:00","guid":{"rendered":"https:\/\/quehacerenyucatan.com.mx\/?p=2413"},"modified":"2023-01-28T06:01:28","modified_gmt":"2023-01-28T01:01:28","slug":"barrio-de-san-sebastian-merida-yucatan","status":"publish","type":"post","link":"https:\/\/www.quehacerenyucatan.com.mx\/?p=2413","title":{"rendered":"Barrio de San Sebasti\u00e1n (M\u00e9rida, Yucat\u00e1n)"},"content":{"rendered":"\n<p>El mote de&nbsp;<em>ciudad blanca<\/em>&nbsp;dado a la ciudad de M\u00e9rida, deriva, seg\u00fan investigaci\u00f3n del historiador&nbsp;<a href=\"https:\/\/es.wikipedia.org\/wiki\/Michel_Antochiw_Kolpa\">Michel Antochiw Kolpa<\/a>, no por el encalado con que sol\u00edan pintarse sus muros y fachadas desde la \u00e9poca colonial hasta entrado el siglo XX, us\u00e1ndose para ello la cal derivada de la cocci\u00f3n del carbonato de calcio proveniente de la piedra caliza abundant\u00edsima en la regi\u00f3n, ni tampoco por la proverbial limpieza de la Ciudad, sino de un hecho que se remonta a la fundaci\u00f3n de la Ciudad en 1542.<\/p>\n\n\n\n<figure class=\"wp-block-image\"><img decoding=\"async\" data-src=\"https:\/\/centrohistoricoslp.com\/wp-content\/uploads\/2018\/09\/barrio-san-sebastian.jpg\" alt=\"Consejo del Centro Hist\u00f3rico de San Luis Potos\u00ed | Barrio de San Sebasti\u00e1n\" src=\"data:image\/svg+xml;base64,PHN2ZyB3aWR0aD0iMSIgaGVpZ2h0PSIxIiB4bWxucz0iaHR0cDovL3d3dy53My5vcmcvMjAwMC9zdmciPjwvc3ZnPg==\" class=\"lazyload\" \/><\/figure>\n\n\n\n<p>Los&nbsp;<a href=\"https:\/\/es.wikipedia.org\/wiki\/Francisco_de_Montejo\">Montejo<\/a>&nbsp;padre, hijo y sobrino, conquistadores de&nbsp;<a href=\"https:\/\/es.wikipedia.org\/wiki\/Yucat%C3%A1n\">Yucat\u00e1n<\/a>&nbsp;y fundadores de M\u00e9rida, as\u00ed como sus acompa\u00f1antes coet\u00e1neos y a\u00fan despu\u00e9s, a lo largo del primer siglo que sigui\u00f3 a la conquista, quisieron por razones de seguridad y de fundado temor, ante la rebeld\u00eda pertinaz de los mayas que nunca pudo abatirse totalmente (seg\u00fan lo demuestra la rebeli\u00f3n de&nbsp;<a href=\"https:\/\/es.wikipedia.org\/wiki\/Jacinto_Canek\">Jacinto Canek<\/a>&nbsp;a mediados del siglo XVIII y la cruenta y prolongada&nbsp;<a href=\"https:\/\/es.wikipedia.org\/wiki\/Guerra_de_castas\">Guerra de castas<\/a>&nbsp;estallada en 1848 y no concluida sino hasta empezado el siglo XX), hacer una ciudad&nbsp;<em>blanca<\/em>, esto es, para los blancos. Esa fue su intenci\u00f3n y su dise\u00f1o original, de ah\u00ed las puertas de acceso a la ciudad m\u00e1s all\u00e1 de las cuales estaban los&nbsp;<em>barrios de indios<\/em>, que m\u00e1s tarde ser\u00edan desbordados por el crecimiento demogr\u00e1fico.<\/p>\n\n\n\n<figure class=\"wp-block-image\"><img decoding=\"async\" data-src=\"https:\/\/www.meridadeyucatan.com\/wp-content\/uploads\/2017\/04\/sansebastian.jpg\" alt=\"EL BARRIO DE SAN SEBASTI\u00c1N - meridadeyucatan.com\" src=\"data:image\/svg+xml;base64,PHN2ZyB3aWR0aD0iMSIgaGVpZ2h0PSIxIiB4bWxucz0iaHR0cDovL3d3dy53My5vcmcvMjAwMC9zdmciPjwvc3ZnPg==\" class=\"lazyload\" \/><\/figure>\n\n\n\n<p>M\u00e1s tarde pudo comprobarse que era m\u00e1s fuerte la necesidad de los conquistadores de tener cerca la mano de obra requerida por la siempre creciente mancha urbana, que su deseo inicial de permanecer \u00e9tnicamente puros, aislados y protegidos en el espacio urbano creado sobre las ruinas de la vieja ciudad maya de&nbsp;<em><a href=\"https:\/\/es.wikipedia.org\/wiki\/T%27H%C3%B3\">Ichcaanzih\u00f3<\/a><\/em>&nbsp;(<a href=\"https:\/\/es.wikipedia.org\/wiki\/T%27H%C3%B3\">T&#8217;H\u00f3<\/a>).<sup><a href=\"https:\/\/es.wikipedia.org\/wiki\/Barrio_de_San_Sebasti%C3%A1n_(M%C3%A9rida,_Yucat%C3%A1n)#cite_note-Yucat%C3%A1n_en_el_tiempo-1\">1<\/a><\/sup>\u200b<\/p>\n\n\n\n<p>El barrio de San Sebasti\u00e1n forma parte de los barrios de segunda generaci\u00f3n en la ciudad de M\u00e9rida junto con el&nbsp;<a href=\"https:\/\/es.wikipedia.org\/wiki\/Barrio_de_La_Mejorada\">barrio de La Mejorada<\/a>&nbsp;y el de&nbsp;<a href=\"https:\/\/es.wikipedia.org\/wiki\/Barrio_de_Santa_Ana_(M%C3%A9rida,_Yucat%C3%A1n)\">Santa Ana<\/a>. Se ha explicado su aparici\u00f3n urbana por el crecimiento del n\u00facleo original de la ciudad a partir de la&nbsp;<a href=\"https:\/\/es.wikipedia.org\/wiki\/Conquista_de_Yucat%C3%A1n\">conquista<\/a>&nbsp;y de los asentamientos realizados por los fundadores.<sup><a href=\"https:\/\/es.wikipedia.org\/wiki\/Barrio_de_San_Sebasti%C3%A1n_(M%C3%A9rida,_Yucat%C3%A1n)#cite_note-Yucat%C3%A1n_en_el_tiempo-1\">1<\/a><\/sup>\u200b<\/p>\n\n\n\n<p>Su templo, que fue por mucho tiempo una humilde ermita r\u00fastica, fue de los primeros en ser edificados por los espa\u00f1oles reci\u00e9n asentados a mediados del&nbsp;<a href=\"https:\/\/es.wikipedia.org\/wiki\/Siglo_XVI\">siglo XVI<\/a>. El pueblo llam\u00f3 y sigue llamando a la iglesia del lugar \u00abNuestra Se\u00f1ora de San Sebasti\u00e1n\u00bb. No fue sino hasta finales del&nbsp;<a href=\"https:\/\/es.wikipedia.org\/wiki\/Siglo_XVIII\">siglo XVIII<\/a>&nbsp;(1796) en que Juan Esteban Quijana, fil\u00e1ntropo del lugar, encabezando a varios vecinos culmin\u00f3 la construcci\u00f3n del templo moderno que, m\u00e1s tarde, en 1889, en atenci\u00f3n al progresivo desarrollo del barrio, el obispo&nbsp;<a href=\"https:\/\/es.wikipedia.org\/wiki\/Crescencio_Carrillo_y_Ancona\">Crescencio Carrillo y Ancona<\/a>&nbsp;elev\u00f3 la jerarqu\u00eda de parroquia bajo el t\u00edtulo de San Sebasti\u00e1n y el mismo especial patrocinio de Nuestra Se\u00f1ora de la Asunci\u00f3n.<\/p>\n\n\n\n<figure class=\"wp-block-image is-resized\"><img decoding=\"async\" data-src=\"https:\/\/upload.wikimedia.org\/wikipedia\/commons\/thumb\/2\/23\/San_Sebasti%C3%A1n%2C_M%C3%A9rida.jpg\/300px-San_Sebasti%C3%A1n%2C_M%C3%A9rida.jpg\" alt=\"Barrio de San Sebasti\u00e1n (M\u00e9rida, Yucat\u00e1n) - Wikipedia, la enciclopedia libre\" width=\"421\" height=\"253\" src=\"data:image\/svg+xml;base64,PHN2ZyB3aWR0aD0iMSIgaGVpZ2h0PSIxIiB4bWxucz0iaHR0cDovL3d3dy53My5vcmcvMjAwMC9zdmciPjwvc3ZnPg==\" class=\"lazyload\" style=\"--smush-placeholder-width: 421px; --smush-placeholder-aspect-ratio: 421\/253;\" \/><\/figure>\n\n\n\n<p>\u200b<\/p>\n\n\n\n<p>En 1790 el&nbsp;<a href=\"https:\/\/es.wikipedia.org\/wiki\/Gobernantes_de_Yucat%C3%A1n\">gobernador<\/a>&nbsp;<a href=\"https:\/\/es.wikipedia.org\/wiki\/Lucas_de_G%C3%A1lvez\">Lucas de G\u00e1lvez<\/a>&nbsp;abri\u00f3 el&nbsp;<a href=\"https:\/\/es.wikipedia.org\/wiki\/Camino_Real_(Yucat%C3%A1n)\">camino real<\/a>&nbsp;a&nbsp;<a href=\"https:\/\/es.wikipedia.org\/wiki\/San_Francisco_de_Campeche\">San Francisco de Campeche<\/a>&nbsp;que part\u00eda del&nbsp;<a href=\"https:\/\/es.wikipedia.org\/wiki\/Barrio_de_San_Juan_(M%C3%A9rida,_Yucat%C3%A1n)\">barrio de San Juan<\/a>&nbsp;pasando por la&nbsp;<a href=\"https:\/\/es.wikipedia.org\/wiki\/Ermita_de_Santa_Isabel_(M%C3%A9rida,_Yucat%C3%A1n)\">ermita de Santa Isabel<\/a>&nbsp;atravesando todo el barrio de San Sebasti\u00e1n. Este camino le dio a lo largo de los a\u00f1os gran vitalidad urban\u00edstica al rumbo.<\/p>\n\n\n\n<p>Las fiestas tradicionales del barrio que durante mucho tiempo se celebraron en el mes de mayo, son ahora celebradas el mes de agosto de todos los a\u00f1os y hasta la fecha, durante ese mes se organizan gremios y&nbsp;<a href=\"https:\/\/es.wikipedia.org\/wiki\/Vaquer%C3%ADa_(fiesta)\">vaquer\u00edas<\/a>.<\/p>\n\n\n\n<p>Es com\u00fan escuchar el comentario popular de que el&nbsp;<a href=\"https:\/\/es.wikipedia.org\/wiki\/Panucho\">panucho<\/a>&nbsp;que es un platillo propio de la&nbsp;<a href=\"https:\/\/es.wikipedia.org\/wiki\/Gastronom%C3%ADa_de_Yucat%C3%A1n\">gastronom\u00eda de Yucat\u00e1n<\/a>&nbsp;fue creado originalmente en este barrio.<\/p>\n","protected":false},"excerpt":{"rendered":"<p>El mote de&nbsp;ciudad blanca&nbsp;dado a la ciudad de M\u00e9rida, deriva, seg\u00fan investigaci\u00f3n del historiador&nbsp;Michel Antochiw Kolpa, no por el encalado con que sol\u00edan pintarse sus muros y fachadas desde la&hellip; <\/p>\n","protected":false},"author":1,"featured_media":5905,"comment_status":"open","ping_status":"closed","sticky":true,"template":"","format":"standard","meta":{"_jetpack_memberships_contains_paid_content":false,"footnotes":""},"categories":[1595],"tags":[],"class_list":["post-2413","post","type-post","status-publish","format-standard","has-post-thumbnail","hentry","category-barrios"],"jetpack_featured_media_url":"https:\/\/www.quehacerenyucatan.com.mx\/wp-content\/uploads\/2021\/04\/caf8bb4b-e2df-4e92-a819-d139360ff97f.jpg","jetpack_sharing_enabled":true,"_links":{"self":[{"href":"https:\/\/www.quehacerenyucatan.com.mx\/index.php?rest_route=\/wp\/v2\/posts\/2413","targetHints":{"allow":["GET"]}}],"collection":[{"href":"https:\/\/www.quehacerenyucatan.com.mx\/index.php?rest_route=\/wp\/v2\/posts"}],"about":[{"href":"https:\/\/www.quehacerenyucatan.com.mx\/index.php?rest_route=\/wp\/v2\/types\/post"}],"author":[{"embeddable":true,"href":"https:\/\/www.quehacerenyucatan.com.mx\/index.php?rest_route=\/wp\/v2\/users\/1"}],"replies":[{"embeddable":true,"href":"https:\/\/www.quehacerenyucatan.com.mx\/index.php?rest_route=%2Fwp%2Fv2%2Fcomments&post=2413"}],"version-history":[{"count":2,"href":"https:\/\/www.quehacerenyucatan.com.mx\/index.php?rest_route=\/wp\/v2\/posts\/2413\/revisions"}],"predecessor-version":[{"id":5906,"href":"https:\/\/www.quehacerenyucatan.com.mx\/index.php?rest_route=\/wp\/v2\/posts\/2413\/revisions\/5906"}],"wp:featuredmedia":[{"embeddable":true,"href":"https:\/\/www.quehacerenyucatan.com.mx\/index.php?rest_route=\/wp\/v2\/media\/5905"}],"wp:attachment":[{"href":"https:\/\/www.quehacerenyucatan.com.mx\/index.php?rest_route=%2Fwp%2Fv2%2Fmedia&parent=2413"}],"wp:term":[{"taxonomy":"category","embeddable":true,"href":"https:\/\/www.quehacerenyucatan.com.mx\/index.php?rest_route=%2Fwp%2Fv2%2Fcategories&post=2413"},{"taxonomy":"post_tag","embeddable":true,"href":"https:\/\/www.quehacerenyucatan.com.mx\/index.php?rest_route=%2Fwp%2Fv2%2Ftags&post=2413"}],"curies":[{"name":"wp","href":"https:\/\/api.w.org\/{rel}","templated":true}]}}