{"id":2281,"date":"2022-11-30T04:29:00","date_gmt":"2022-11-29T23:29:00","guid":{"rendered":"https:\/\/quehacerenyucatan.com.mx\/?p=2281"},"modified":"2022-11-30T19:32:00","modified_gmt":"2022-11-30T14:32:00","slug":"el-barrio-de-santa-ana-sitio-de-grandes-batallas","status":"publish","type":"post","link":"https:\/\/www.quehacerenyucatan.com.mx\/?p=2281","title":{"rendered":"El Barrio de Santa Ana, sitio de grandes batallas"},"content":{"rendered":"\n<p><strong>En 1726 el\u00a0<\/strong><a href=\"https:\/\/es.wikipedia.org\/wiki\/Gobernantes_de_Yucat%C3%A1n\"><strong>gobernador<\/strong><\/a><strong>\u00a0y\u00a0<\/strong><a href=\"https:\/\/es.wikipedia.org\/wiki\/Capitan%C3%ADa_General_de_Yucat%C3%A1n\"><strong>capit\u00e1n general de Yucat\u00e1n<\/strong><\/a><strong>,[Maximiliano de ambsburgo],\u00a0<\/strong><a href=\"https:\/\/es.wikipedia.org\/wiki\/Antonio_de_Figueroa_y_Silva\"><strong>Antonio de Figueroa y Silva<\/strong><\/a><strong>\u00a0orden\u00f3 construir una calle derecha, desde el palacio episcopal, contiguo a la\u00a0<\/strong><a href=\"https:\/\/es.wikipedia.org\/wiki\/Catedral_de_San_Ildefonso\"><strong>catedral de San Ildefonso<\/strong><\/a><strong>, hacia el norte, que daba continuidad a la v\u00eda que hasta ese entonces llegaba al\u00a0<\/strong><a href=\"https:\/\/es.wikipedia.org\/wiki\/Barrio_de_Santa_Luc%C3%ADa\"><strong>barrio de Santa Luc\u00eda<\/strong><\/a><strong>. <\/strong><\/p>\n\n\n\n<p><strong>El proyecto incorpor\u00f3 dos arcos de canter\u00eda en el trayecto, de modo que el barrio de Santa Ana, poblado por trabajadores y artesanos, qued\u00f3 integrado a partir de entonces al centro hist\u00f3rico de M\u00e9rida sufriendo un cambio radical que aceler\u00f3 su desarrollo.<\/strong><\/p>\n\n\n\n<p><\/p>\n\n\n\n<figure class=\"wp-block-image size-large\"><img decoding=\"async\" data-src=\"https:\/\/www.quehacerenyucatan.com.mx\/wp-content\/uploads\/2021\/03\/800px-Templo_de_Santa_Ana.jpg\" alt=\"\" class=\"wp-image-2282 lazyload\" src=\"data:image\/svg+xml;base64,PHN2ZyB3aWR0aD0iMSIgaGVpZ2h0PSIxIiB4bWxucz0iaHR0cDovL3d3dy53My5vcmcvMjAwMC9zdmciPjwvc3ZnPg==\" \/><\/figure>\n\n\n\n<p><strong>El mismo gobernante mand\u00f3 tambi\u00e9n erigir el templo de Santa Ana -sobre un basamento precolombino maya- en el sitio donde estaba ubicada la antigua capilla abierta que se hab\u00eda construido un siglo antes. La obra incluy\u00f3 una peque\u00f1a alameda a manera de plaza establecida en lo que ahora es la esquina de la calle 47 y la calle 60, que en un principio se llam\u00f3&nbsp;<em>Paseo de Santa Ana<\/em>&nbsp;(el actual parque).&nbsp;<\/strong><\/p>\n\n\n\n<p><strong>El conjunto se concluy\u00f3 en 1733, aunque Figueroa y Silva no vio su obra terminada ya que muri\u00f3 un poco antes de concluirla, tras regresar de una exitosa campa\u00f1a b\u00e9lica en contra de filibusteros ingleses en la regi\u00f3n oriental de la&nbsp;<\/strong><a href=\"https:\/\/es.wikipedia.org\/wiki\/Pen%C3%ADnsula_de_Yucat%C3%A1n\"><strong>pen\u00ednsula de Yucat\u00e1n<\/strong><\/a><strong>, actualmente&nbsp;<\/strong><a href=\"https:\/\/es.wikipedia.org\/wiki\/Chetumal\"><strong>Chetumal<\/strong><\/a><strong>&nbsp;y&nbsp;<\/strong><a href=\"https:\/\/es.wikipedia.org\/wiki\/Belice\"><strong>Belice<\/strong><\/a><strong>. Hay una placa de piedra colocada en la fachada principal exterior del templo que indica que ah\u00ed reposan los restos mortales de su promotor.<\/strong><\/p>\n\n\n\n<p><\/p>\n\n\n\n<figure class=\"wp-block-image size-large\"><img decoding=\"async\" data-src=\"https:\/\/www.quehacerenyucatan.com.mx\/wp-content\/uploads\/2021\/03\/Iglesia_del_Barrio_de_Santa_Ana_Me\u0301rida_Yucata\u0301n_03.jpg\" alt=\"\" class=\"wp-image-2283 lazyload\" src=\"data:image\/svg+xml;base64,PHN2ZyB3aWR0aD0iMSIgaGVpZ2h0PSIxIiB4bWxucz0iaHR0cDovL3d3dy53My5vcmcvMjAwMC9zdmciPjwvc3ZnPg==\" \/><\/figure>\n\n\n\n<p><strong>El desarrollo del proyecto logr\u00f3 alargar la zona habitacional de la poblaci\u00f3n criolla (la poblaci\u00f3n blanca) m\u00e1s al norte de lo que hasta entonces inclu\u00eda hasta el&nbsp;<\/strong><a href=\"https:\/\/es.wikipedia.org\/wiki\/Parque_de_Santa_Luc%C3%ADa\"><strong>parque de Santa Luc\u00eda<\/strong><\/a><strong>. Con ello se alej\u00f3 a negros, mulatos e ind\u00edgenas del centro de M\u00e9rida. Estos \u00faltimos pobladores pertenec\u00edan a la clase trabajadora que prestaba sus servicios a la ciudad que, desde su fundaci\u00f3n en 1542, no cesaba de expandirse.<\/strong><\/p>\n\n\n\n<p><strong>El a\u00f1o de 1867 tuvo lugar en el parque de Santa Ana una batalla entre tropas&nbsp;<\/strong><a href=\"https:\/\/es.wikipedia.org\/wiki\/Segundo_Imperio_mexicano\"><strong>imperialistas<\/strong><\/a><strong>&nbsp;favorables a&nbsp;<\/strong><a href=\"https:\/\/es.wikipedia.org\/wiki\/Maximiliano_I_de_M%C3%A9xico\"><strong>Maximiliano de Habsburgo<\/strong><\/a><strong>&nbsp;y las republicanas que apoyaban la causa de&nbsp;<\/strong><a href=\"https:\/\/es.wikipedia.org\/wiki\/Benito_Ju%C3%A1rez\"><strong>Benito Ju\u00e1rez<\/strong><\/a><strong>. El enfrentamiento, decisivo en Yucat\u00e1n, fue ganado por estas \u00faltimas, comandadas por el general&nbsp;<\/strong><a href=\"https:\/\/es.wikipedia.org\/wiki\/Manuel_Cepeda_Peraza\"><strong>Manuel Cepeda Peraza<\/strong><\/a><strong>, poco m\u00e1s tarde&nbsp;<\/strong><a href=\"https:\/\/es.wikipedia.org\/wiki\/Gobernantes_de_Yucat%C3%A1n\"><strong>gobernador del estado<\/strong><\/a><strong>, quien el 15 de junio de aquel a\u00f1o restaur\u00f3 el gobierno republicano en la&nbsp;<\/strong><a href=\"https:\/\/es.wikipedia.org\/wiki\/Pen%C3%ADnsula_de_Yucat%C3%A1n\"><strong>pen\u00ednsula<\/strong><\/a><strong>\u2026<\/strong><\/p>\n\n\n\n<figure class=\"wp-block-image size-large\"><img decoding=\"async\" data-src=\"https:\/\/www.quehacerenyucatan.com.mx\/wp-content\/uploads\/2021\/03\/Estatua_de_Andre\u0301s_Quintana_Roo_Me\u0301rida_Yucata\u0301n_02.jpg\" alt=\"\" class=\"wp-image-2284 lazyload\" src=\"data:image\/svg+xml;base64,PHN2ZyB3aWR0aD0iMSIgaGVpZ2h0PSIxIiB4bWxucz0iaHR0cDovL3d3dy53My5vcmcvMjAwMC9zdmciPjwvc3ZnPg==\" \/><\/figure>\n\n\n\n<p><strong>A principios del&nbsp;<\/strong><a href=\"https:\/\/es.wikipedia.org\/wiki\/Siglo_XX\"><strong>siglo XX<\/strong><\/a><strong>&nbsp;se estableci\u00f3 en el barrio de Santa Ana una panader\u00eda que fue famosa por sus barras de pan bien conocido en Yucat\u00e1n hasta la fecha como&nbsp;<em>pan franc\u00e9s<\/em>. Los due\u00f1os que mantuvieron la operaci\u00f3n de su negocio hasta entrados los a\u00f1os de 1940, fueron dos hermanos de origen&nbsp;<\/strong><a href=\"https:\/\/es.wikipedia.org\/wiki\/Catalu%C3%B1a\"><strong>catal\u00e1n<\/strong><\/a><strong>&nbsp;de apellido Llano\u2026<\/strong><\/p>\n\n\n\n<p><\/p>\n\n\n\n<figure class=\"wp-block-image size-large\"><img decoding=\"async\" data-src=\"https:\/\/www.quehacerenyucatan.com.mx\/wp-content\/uploads\/2021\/03\/Iglesia_del_Barrio_de_Santa_Ana_Me\u0301rida_Yucata\u0301n_01.jpg\" alt=\"\" class=\"wp-image-2285 lazyload\" src=\"data:image\/svg+xml;base64,PHN2ZyB3aWR0aD0iMSIgaGVpZ2h0PSIxIiB4bWxucz0iaHR0cDovL3d3dy53My5vcmcvMjAwMC9zdmciPjwvc3ZnPg==\" \/><\/figure>\n\n\n\n<p><strong>Forma parte de este barrio de M\u00e9rida el conocido&nbsp;<\/strong><a href=\"https:\/\/es.wikipedia.org\/wiki\/Paseo_de_Montejo\"><strong>Paseo de Montejo<\/strong><\/a><strong>, vialidad cuya influencia urbana y cuya transformaci\u00f3n en el \u00faltimo siglo, de una vocaci\u00f3n habitacional que tuvo en el origen a otra totalmente comercial, que tiene en la actualidad, ha modificado radicalmente la vida de este hist\u00f3rico barrio&nbsp;<\/strong><a href=\"https:\/\/es.wikipedia.org\/wiki\/Yucateco\"><strong>yucateco<\/strong><\/a><strong>.<\/strong><\/p>\n\n\n\n<p><strong><sup>DAHEMONT\u2026<\/sup><\/strong><\/p>\n","protected":false},"excerpt":{"rendered":"<p>En 1726 el\u00a0gobernador\u00a0y\u00a0capit\u00e1n general de Yucat\u00e1n,[Maximiliano de ambsburgo],\u00a0Antonio de Figueroa y Silva\u00a0orden\u00f3 construir una calle derecha, desde el palacio episcopal, contiguo a la\u00a0catedral de San Ildefonso, hacia el norte, que&hellip; <\/p>\n","protected":false},"author":1,"featured_media":5798,"comment_status":"open","ping_status":"closed","sticky":false,"template":"","format":"standard","meta":{"_jetpack_memberships_contains_paid_content":false,"footnotes":""},"categories":[1595,315],"tags":[],"class_list":["post-2281","post","type-post","status-publish","format-standard","has-post-thumbnail","hentry","category-barrios","category-barrios-de-merida"],"jetpack_featured_media_url":"https:\/\/www.quehacerenyucatan.com.mx\/wp-content\/uploads\/2021\/03\/santa-ana-wordpress.jpg","jetpack_sharing_enabled":true,"_links":{"self":[{"href":"https:\/\/www.quehacerenyucatan.com.mx\/index.php?rest_route=\/wp\/v2\/posts\/2281","targetHints":{"allow":["GET"]}}],"collection":[{"href":"https:\/\/www.quehacerenyucatan.com.mx\/index.php?rest_route=\/wp\/v2\/posts"}],"about":[{"href":"https:\/\/www.quehacerenyucatan.com.mx\/index.php?rest_route=\/wp\/v2\/types\/post"}],"author":[{"embeddable":true,"href":"https:\/\/www.quehacerenyucatan.com.mx\/index.php?rest_route=\/wp\/v2\/users\/1"}],"replies":[{"embeddable":true,"href":"https:\/\/www.quehacerenyucatan.com.mx\/index.php?rest_route=%2Fwp%2Fv2%2Fcomments&post=2281"}],"version-history":[{"count":2,"href":"https:\/\/www.quehacerenyucatan.com.mx\/index.php?rest_route=\/wp\/v2\/posts\/2281\/revisions"}],"predecessor-version":[{"id":5799,"href":"https:\/\/www.quehacerenyucatan.com.mx\/index.php?rest_route=\/wp\/v2\/posts\/2281\/revisions\/5799"}],"wp:featuredmedia":[{"embeddable":true,"href":"https:\/\/www.quehacerenyucatan.com.mx\/index.php?rest_route=\/wp\/v2\/media\/5798"}],"wp:attachment":[{"href":"https:\/\/www.quehacerenyucatan.com.mx\/index.php?rest_route=%2Fwp%2Fv2%2Fmedia&parent=2281"}],"wp:term":[{"taxonomy":"category","embeddable":true,"href":"https:\/\/www.quehacerenyucatan.com.mx\/index.php?rest_route=%2Fwp%2Fv2%2Fcategories&post=2281"},{"taxonomy":"post_tag","embeddable":true,"href":"https:\/\/www.quehacerenyucatan.com.mx\/index.php?rest_route=%2Fwp%2Fv2%2Ftags&post=2281"}],"curies":[{"name":"wp","href":"https:\/\/api.w.org\/{rel}","templated":true}]}}