{"id":10558,"date":"2026-03-17T01:10:18","date_gmt":"2026-03-17T07:10:18","guid":{"rendered":"https:\/\/www.quehacerenyucatan.com.mx\/?p=10558"},"modified":"2026-03-17T01:10:19","modified_gmt":"2026-03-17T07:10:19","slug":"galerias-de-arte-contemporaneo-en-merida-guia-completa","status":"publish","type":"post","link":"https:\/\/www.quehacerenyucatan.com.mx\/?p=10558","title":{"rendered":"Galer\u00edas de arte contempor\u00e1neo en M\u00e9rida: gu\u00eda completa"},"content":{"rendered":"\n<p>La ciudad de <a href=\"chatgpt:\/\/generic-entity?number=0\">M\u00e9rida<\/a> se ha consolidado como uno de los centros culturales m\u00e1s importantes del sureste mexicano. Adem\u00e1s de su herencia hist\u00f3rica, actualmente destaca por su creciente escena de arte contempor\u00e1neo, donde convergen artistas locales, nacionales e internacionales.<\/p>\n\n\n\n<p>A continuaci\u00f3n, se presenta una gu\u00eda amplia de las principales galer\u00edas de arte contempor\u00e1neo en la ciudad.<\/p>\n\n\n\n<p><strong>Principales galer\u00edas de arte contempor\u00e1neo<\/strong><\/p>\n\n\n\n<p><strong>La Sala Art Gallery<\/strong><\/p>\n\n\n\n<p>Es una de las galer\u00edas m\u00e1s reconocidas de M\u00e9rida.<\/p>\n\n\n\n<ul class=\"wp-block-list\">\n<li>Fundada en 2012<\/li>\n\n\n\n<li>Exhibe artistas contempor\u00e1neos de proyecci\u00f3n internacional<\/li>\n\n\n\n<li>Trabaja con pintura, fotograf\u00eda y t\u00e9cnicas mixtas<\/li>\n\n\n\n<li>Cuenta con una curadur\u00eda profesional<\/li>\n<\/ul>\n\n\n\n<p>Se distingue por su enfoque global y su calidad expositiva.<\/p>\n\n\n\n<p><strong>Nahualli House Artists<\/strong><\/p>\n\n\n\n<p>Espacio enfocado en el arte regional.<\/p>\n\n\n\n<ul class=\"wp-block-list\">\n<li>Promueve artistas yucatecos<\/li>\n\n\n\n<li>Integra pintura, escultura y arte digital<\/li>\n\n\n\n<li>Funciona como punto de encuentro cultural<\/li>\n<\/ul>\n\n\n\n<p>Su propuesta gira en torno a la identidad local y la diversidad art\u00edstica.<\/p>\n\n\n\n<p><strong>SOHO Galleries<\/strong><\/p>\n\n\n\n<p>Galer\u00eda emblem\u00e1tica dentro del circuito contempor\u00e1neo.<\/p>\n\n\n\n<ul class=\"wp-block-list\">\n<li>Fundada en 2008<\/li>\n\n\n\n<li>Presenta artistas internacionales y emergentes<\/li>\n\n\n\n<li>Organiza exposiciones tem\u00e1ticas<\/li>\n<\/ul>\n\n\n\n<p>Combina arte global con talento mexicano.<\/p>\n\n\n\n<p><strong>Galer\u00eda Urbana M\u00e9rida<\/strong><\/p>\n\n\n\n<p>Espacio moderno enfocado en nuevas tendencias.<\/p>\n\n\n\n<ul class=\"wp-block-list\">\n<li>Promueve arte urbano y contempor\u00e1neo<\/li>\n\n\n\n<li>Exhibe fotograf\u00eda, instalaciones y arte digital<\/li>\n\n\n\n<li>Exposiciones din\u00e1micas<\/li>\n<\/ul>\n\n\n\n<p>Es ideal para propuestas experimentales.<\/p>\n\n\n\n<p><strong>Galer\u00eda Terracota Arte Actual<\/strong><\/p>\n\n\n\n<p>Galer\u00eda con fuerte presencia en el circuito art\u00edstico.<\/p>\n\n\n\n<ul class=\"wp-block-list\">\n<li>Especializada en arte actual<\/li>\n\n\n\n<li>Incluye cer\u00e1mica, grabado y escultura<\/li>\n\n\n\n<li>Fomenta el di\u00e1logo entre artista y p\u00fablico<\/li>\n<\/ul>\n\n\n\n<p>Su programaci\u00f3n est\u00e1 cuidadosamente curada.<\/p>\n\n\n\n<p><strong>Arte1010<\/strong><\/p>\n\n\n\n<p>Espacio accesible y diverso.<\/p>\n\n\n\n<ul class=\"wp-block-list\">\n<li>Exhibe arte contempor\u00e1neo y visual<\/li>\n\n\n\n<li>Promueve encuentros culturales<\/li>\n\n\n\n<li>Ubicaci\u00f3n c\u00e9ntrica<\/li>\n<\/ul>\n\n\n\n<p>Ofrece una experiencia cercana al p\u00fablico.<\/p>\n\n\n\n<p><strong>GCC Arte Contempor\u00e1neo<\/strong><\/p>\n\n\n\n<p>Galer\u00eda de perfil m\u00e1s exclusivo.<\/p>\n\n\n\n<ul class=\"wp-block-list\">\n<li>Exhibiciones curadas<\/li>\n\n\n\n<li>Visitas generalmente con cita<\/li>\n\n\n\n<li>Enfoque en coleccionismo<\/li>\n<\/ul>\n\n\n\n<p>Dirigida a un p\u00fablico especializado.<\/p>\n\n\n\n<p><strong>Zonas clave para recorrer galer\u00edas<\/strong><\/p>\n\n\n\n<p>En M\u00e9rida, las galer\u00edas se concentran en \u00e1reas espec\u00edficas:<\/p>\n\n\n\n<ul class=\"wp-block-list\">\n<li>Centro Hist\u00f3rico (calles 60, 61 y 62)<\/li>\n\n\n\n<li>Parque de Santa Ana<\/li>\n\n\n\n<li>Paseo de Montejo<\/li>\n\n\n\n<li>Zona norte (carretera a Progreso)<\/li>\n<\/ul>\n\n\n\n<p>Estas zonas permiten realizar recorridos culturales caminando o en trayectos cortos.<\/p>\n\n\n\n<p><strong>Caracter\u00edsticas del arte contempor\u00e1neo en M\u00e9rida<\/strong><\/p>\n\n\n\n<p>El arte contempor\u00e1neo en M\u00e9rida presenta rasgos distintivos:<\/p>\n\n\n\n<ul class=\"wp-block-list\">\n<li>Fusi\u00f3n entre identidad maya y tendencias globales<\/li>\n\n\n\n<li>Uso de materiales y s\u00edmbolos regionales<\/li>\n\n\n\n<li>Presencia de artistas extranjeros residentes<\/li>\n\n\n\n<li>Espacios independientes con propuestas innovadoras<\/li>\n<\/ul>\n\n\n\n<p>La ciudad funciona como un punto de intercambio cultural constante.<\/p>\n\n\n\n<p><strong>Experiencia cultural<\/strong><\/p>\n\n\n\n<p>Visitar galer\u00edas en M\u00e9rida implica m\u00e1s que observar obras:<\/p>\n\n\n\n<ul class=\"wp-block-list\">\n<li>Exposiciones temporales en constante cambio<\/li>\n\n\n\n<li>Inauguraciones con presencia de artistas<\/li>\n\n\n\n<li>Talleres y actividades culturales<\/li>\n\n\n\n<li>Participaci\u00f3n en eventos como <a href=\"chatgpt:\/\/generic-entity?number=1\">La Noche Blanca<\/a><\/li>\n<\/ul>\n\n\n\n<p>Esto permite una interacci\u00f3n directa con el entorno art\u00edstico.<\/p>\n\n\n\n<p><strong>Conclusi\u00f3n<\/strong><\/p>\n\n\n\n<p>M\u00e9rida se ha consolidado como un referente del arte contempor\u00e1neo en M\u00e9xico. Sus galer\u00edas reflejan una escena cultural viva, diversa y en evoluci\u00f3n, donde la tradici\u00f3n y la modernidad conviven de manera equilibrada.<\/p>\n\n\n\n<p>Recorrer estos espacios permite comprender no solo el arte actual, sino tambi\u00e9n la transformaci\u00f3n cultural de la ciudad.<\/p>\n","protected":false},"excerpt":{"rendered":"<p>La ciudad de M\u00e9rida se ha consolidado como uno de los centros culturales m\u00e1s importantes del sureste mexicano. Adem\u00e1s de su herencia hist\u00f3rica, actualmente destaca por su creciente escena de&hellip; <\/p>\n","protected":false},"author":2,"featured_media":10559,"comment_status":"closed","ping_status":"closed","sticky":false,"template":"","format":"standard","meta":{"_jetpack_memberships_contains_paid_content":false,"footnotes":""},"categories":[732],"tags":[],"class_list":["post-10558","post","type-post","status-publish","format-standard","has-post-thumbnail","hentry","category-arte"],"jetpack_featured_media_url":"https:\/\/www.quehacerenyucatan.com.mx\/wp-content\/uploads\/2026\/03\/IMG_9265.webp","jetpack_sharing_enabled":true,"_links":{"self":[{"href":"https:\/\/www.quehacerenyucatan.com.mx\/index.php?rest_route=\/wp\/v2\/posts\/10558","targetHints":{"allow":["GET"]}}],"collection":[{"href":"https:\/\/www.quehacerenyucatan.com.mx\/index.php?rest_route=\/wp\/v2\/posts"}],"about":[{"href":"https:\/\/www.quehacerenyucatan.com.mx\/index.php?rest_route=\/wp\/v2\/types\/post"}],"author":[{"embeddable":true,"href":"https:\/\/www.quehacerenyucatan.com.mx\/index.php?rest_route=\/wp\/v2\/users\/2"}],"replies":[{"embeddable":true,"href":"https:\/\/www.quehacerenyucatan.com.mx\/index.php?rest_route=%2Fwp%2Fv2%2Fcomments&post=10558"}],"version-history":[{"count":1,"href":"https:\/\/www.quehacerenyucatan.com.mx\/index.php?rest_route=\/wp\/v2\/posts\/10558\/revisions"}],"predecessor-version":[{"id":10560,"href":"https:\/\/www.quehacerenyucatan.com.mx\/index.php?rest_route=\/wp\/v2\/posts\/10558\/revisions\/10560"}],"wp:featuredmedia":[{"embeddable":true,"href":"https:\/\/www.quehacerenyucatan.com.mx\/index.php?rest_route=\/wp\/v2\/media\/10559"}],"wp:attachment":[{"href":"https:\/\/www.quehacerenyucatan.com.mx\/index.php?rest_route=%2Fwp%2Fv2%2Fmedia&parent=10558"}],"wp:term":[{"taxonomy":"category","embeddable":true,"href":"https:\/\/www.quehacerenyucatan.com.mx\/index.php?rest_route=%2Fwp%2Fv2%2Fcategories&post=10558"},{"taxonomy":"post_tag","embeddable":true,"href":"https:\/\/www.quehacerenyucatan.com.mx\/index.php?rest_route=%2Fwp%2Fv2%2Ftags&post=10558"}],"curies":[{"name":"wp","href":"https:\/\/api.w.org\/{rel}","templated":true}]}}